{"id":5082,"date":"2019-10-23T22:29:17","date_gmt":"2019-10-24T03:29:17","guid":{"rendered":"http:\/\/www.zonaroja.com.mx\/?p=5082"},"modified":"2019-10-23T22:29:22","modified_gmt":"2019-10-24T03:29:22","slug":"universitarios-obligados-a-ser-un-ejemplo-de-lucha-premio-nacional-de-la-juventud","status":"publish","type":"post","link":"https:\/\/zonaroja.com.mx\/?p=5082","title":{"rendered":"\u201cUniversitarios, obligados a ser un ejemplo de lucha\u201d: Premio Nacional de la Juventud"},"content":{"rendered":"\n<p>Ismael Garc\u00eda M.\/Zona Roja.<\/p>\n\n\n\n<p>Oaxaca de Ju\u00e1rez, Oax., 23 de octubre\nde 2019.- \u201cEs oportuno establecer un pacto entre nuestra generaci\u00f3n y las\ngeneraciones venideras, respecto al cuidado del medio ambiente, haremos un\nmundo mejor a las futuras generaciones. Las y los universitarios estamos obligados\na ser un ejemplo de lucha a favor del medio ambiente\u201d.<\/p>\n\n\n\n<p>Eso dijo Edgar Aldair P\u00e9rez Ortiz, Premio\nNacional de la Juventud 2019, quien el pasado lunes recibi\u00f3 el galard\u00f3n de\nmanos del Presidente Andr\u00e9s Manuel L\u00f3pez Obrador.<\/p>\n\n\n\n<p>El estudiante de la Facultad de\nDerecho, junto con Mauricio L\u00f3pez Mestas, que cursa la licenciatura en Terapia\nF\u00edsica y es Premio Estatal de la Juventud y subcampe\u00f3n mundial de front\u00f3n, recibieron\neste mi\u00e9rcoles un reconocimiento de manos del rector de la UABJO, Eduardo\nBautista Mart\u00ednez.<\/p>\n\n\n\n<p>Edgar Aldair se dijo orgulloso de su raza zapoteca pero tambi\u00e9n de pertenecer a la asociaci\u00f3n civil Litigio Estrat\u00e9gico Ind\u00edgena, mediante el cual obtuvo el Premio Nacional, por promover el rescate de los r\u00edos \u201cSalado\u201d y \u201cAtoyac\u201d.<\/p>\n\n\n\n<figure class=\"wp-block-embed-twitter wp-block-embed is-type-rich is-provider-twitter\"><div class=\"wp-block-embed__wrapper\">\n<div class=\"twitter-tweet\"><blockquote class=\"twitter-tweet\" data-lang=\"es\"><p lang=\"es\" dir=\"ltr\"><a href=\"https:\/\/twitter.com\/hashtag\/OaxacaRosa?src=hash&amp;ref_src=twsrc%5Etfw\">#OaxacaRosa<\/a><a href=\"https:\/\/twitter.com\/hashtag\/HechoEnOaxaca?src=hash&amp;ref_src=twsrc%5Etfw\">#HechoEnOaxaca<\/a><br>\u201cEstas noticias deben servirnos de aliento para marcar rutas\u201d, dijo a su vez el rector <a href=\"https:\/\/twitter.com\/Bautistaeduardo?ref_src=twsrc%5Etfw\">@Bautistaeduardo<\/a>, al felicitar a los galardonados Edgar Aldair P\u00e9rez P\u00e9rez Ortiz y Mauricio L\u00f3pez Mestas, estudiantes de la <a href=\"https:\/\/twitter.com\/UABJO?ref_src=twsrc%5Etfw\">@UABJO<\/a>. <a href=\"https:\/\/t.co\/z6CsTGAHSX\">pic.twitter.com\/z6CsTGAHSX<\/a><\/p>&mdash; Zona Roja Oaxaca (@MexRoja) <a href=\"https:\/\/twitter.com\/MexRoja\/status\/1187208681022050305?ref_src=twsrc%5Etfw\">24 de octubre de 2019<\/a><\/blockquote><\/div>\n<\/div><\/figure>\n\n\n\n<p>En el auditorio de la Facultad de\nDerecho, dio su mensaje, agradeci\u00f3 las distinciones:<\/p>\n\n\n\n<p>\u201cEl premio no me pertenece a m\u00ed, sino a\ntoda la ciudadan\u00eda oaxaque\u00f1a que quiere ver a sus r\u00edos limpios; el premio\nrepresenta el esfuerzo de las y los integrantes de Litigio Estrat\u00e9gico Ind\u00edgena.\n<\/p>\n\n\n\n<p>\u201cEstoy consciente de que en las manos\nde todas y todos los j\u00f3venes est\u00e1 el destino de nuestro pa\u00eds. <\/p>\n\n\n\n<p>\u201cLes transmito este mensaje como el\nportavoz de una lucha conjunta, pero no quiero ser solo yo el que reciba un\npremio, quiero que las y los oaxaque\u00f1os recibamos el mejor premio: ver a\nnuestros r\u00edos recuperar el esplendor, como lo dijo el maestro Toledo en su\n\u00faltima lucha, la lucha por el rescate de los r\u00edos \u2018Salado\u2019 y \u2018Atoyac\u2019. La lucha\napenas empieza y estamos a tiempo para rescatarlos\u201d.<\/p>\n\n\n\n<p>El aplauso se lo gan\u00f3 por en\u00e9sima\nocasi\u00f3n. <\/p>\n\n\n\n<p>El rector Bautista Mart\u00ednez ensalz\u00f3 por\nsu parte: <\/p>\n\n\n\n<p>\u201cEstas noticias deben servirnos de\naliento para marcar rutas, a todas y todos los dem\u00e1s estudiantes, insistir en\nque tenemos que trabajar en la causa deportiva como parte de la formaci\u00f3n\nintegral del estudiante, pero tambi\u00e9n de la causa social y de compromiso que va\nabanderando Edgar, el rescate de los r\u00edos como una causa ambientalista que no\nsolamente permite reconocer el trabajo de una importante asociaci\u00f3n civil\u201d.<\/p>\n","protected":false},"excerpt":{"rendered":"<p>Ismael Garc\u00eda M.\/Zona Roja. Oaxaca de Ju\u00e1rez, Oax., 23 de octubre de 2019.- \u201cEs oportuno&hellip;<\/p>\n","protected":false},"author":2,"featured_media":5083,"comment_status":"closed","ping_status":"open","sticky":false,"template":"","format":"standard","meta":{"_lmt_disableupdate":"","_lmt_disable":"","_jetpack_memberships_contains_paid_content":false,"footnotes":""},"categories":[109,46],"tags":[360,282],"class_list":["post-5082","post","type-post","status-publish","format-standard","has-post-thumbnail","hentry","category-minuto-a-minuto","category-zona-blanca","tag-rector-eduardo-bautista-martinez","tag-universidad-autonoma-benito-juarez-de-oaxaca"],"jetpack_featured_media_url":"https:\/\/zonaroja.com.mx\/wp-content\/uploads\/2019\/10\/Image-1-5-2.jpg","jetpack_sharing_enabled":true,"_links":{"self":[{"href":"https:\/\/zonaroja.com.mx\/index.php?rest_route=\/wp\/v2\/posts\/5082","targetHints":{"allow":["GET"]}}],"collection":[{"href":"https:\/\/zonaroja.com.mx\/index.php?rest_route=\/wp\/v2\/posts"}],"about":[{"href":"https:\/\/zonaroja.com.mx\/index.php?rest_route=\/wp\/v2\/types\/post"}],"author":[{"embeddable":true,"href":"https:\/\/zonaroja.com.mx\/index.php?rest_route=\/wp\/v2\/users\/2"}],"replies":[{"embeddable":true,"href":"https:\/\/zonaroja.com.mx\/index.php?rest_route=%2Fwp%2Fv2%2Fcomments&post=5082"}],"version-history":[{"count":1,"href":"https:\/\/zonaroja.com.mx\/index.php?rest_route=\/wp\/v2\/posts\/5082\/revisions"}],"predecessor-version":[{"id":5084,"href":"https:\/\/zonaroja.com.mx\/index.php?rest_route=\/wp\/v2\/posts\/5082\/revisions\/5084"}],"wp:featuredmedia":[{"embeddable":true,"href":"https:\/\/zonaroja.com.mx\/index.php?rest_route=\/wp\/v2\/media\/5083"}],"wp:attachment":[{"href":"https:\/\/zonaroja.com.mx\/index.php?rest_route=%2Fwp%2Fv2%2Fmedia&parent=5082"}],"wp:term":[{"taxonomy":"category","embeddable":true,"href":"https:\/\/zonaroja.com.mx\/index.php?rest_route=%2Fwp%2Fv2%2Fcategories&post=5082"},{"taxonomy":"post_tag","embeddable":true,"href":"https:\/\/zonaroja.com.mx\/index.php?rest_route=%2Fwp%2Fv2%2Ftags&post=5082"}],"curies":[{"name":"wp","href":"https:\/\/api.w.org\/{rel}","templated":true}]}}