{"id":50822,"date":"2023-01-24T06:42:18","date_gmt":"2023-01-24T12:42:18","guid":{"rendered":"http:\/\/www.zonaroja.com.mx\/?p=50822"},"modified":"2023-01-24T07:29:44","modified_gmt":"2023-01-24T13:29:44","slug":"registra-juchitan-un-ejecutado-a-balazos-por-segundo-dia","status":"publish","type":"post","link":"https:\/\/zonaroja.com.mx\/?p=50822","title":{"rendered":"Registra Juchit\u00e1n un ejecutado a balazos por segundo d\u00eda"},"content":{"rendered":"\n<p>Redacci\u00f3n\/Zona Roja.<\/p>\n\n\n\n<p>Oaxaca de Ju\u00e1rez, Oax., a 24 de enero de 2023.- Por segundo d\u00eda consecutivo, el municipio de Juchit\u00e1n de Zaragoza registr\u00f3 la ejecuci\u00f3n a balazos de una persona.<\/p>\n\n\n\n<p>Minutos despu\u00e9s de las 22:00 horas, sujetos armados atacaron a balazos a un joven de aproximadamente 24 a\u00f1os de edad, en un callej\u00f3n del barrio S\u00e9ptima Secci\u00f3n.<\/p>\n\n\n\n<p>Polic\u00edas municipales arribaron al lugar tras los hechos, pero los familiares ya hab\u00edan retirado el cuerpo e impidieron las labores del personal de la Vicefiscal\u00eda Regional del Istmo.<\/p>\n\n\n\n<p>La v\u00edctima fue identificada como Darwin M. M., y por el momento se desconocen el m\u00f3vil del asesinato.\u00a0Otra persona habr\u00eda sido lesionada de bala pero no fue localizado en el lugar.<\/p>\n\n\n\n<p>Apenas la noche del pasado domingo, individuos armados ingresaron a un domicilio, en la Segunda Secci\u00f3n, y mataron a una persona, Ruperto \u201cN\u201d,&nbsp; tras lo cual huyeron; en ambos casos no hay personas detenidas.<\/p>\n\n\n\n<p>Con el caso de anoche en Juchit\u00e1n, suman dos cr\u00edmenes registrados este lunes en Oaxaca; en Puerto Escondido, fue ultimado a balazos Sa\u00fal M. F., quien fue candidato a presidente municipal de Santa Mar\u00eda Colotepec.<\/p>\n","protected":false},"excerpt":{"rendered":"<p>Redacci\u00f3n\/Zona Roja. Oaxaca de Ju\u00e1rez, Oax., a 24 de enero de 2023.- Por segundo d\u00eda&hellip;<\/p>\n","protected":false},"author":2,"featured_media":50828,"comment_status":"closed","ping_status":"open","sticky":false,"template":"","format":"standard","meta":{"_lmt_disableupdate":"","_lmt_disable":"","_jetpack_memberships_contains_paid_content":false,"footnotes":""},"categories":[109,51],"tags":[123],"class_list":["post-50822","post","type-post","status-publish","format-standard","has-post-thumbnail","hentry","category-minuto-a-minuto","category-zona-roja","tag-juchitan-de-zaragoza"],"jetpack_featured_media_url":"https:\/\/zonaroja.com.mx\/wp-content\/uploads\/2023\/01\/Ejecutado-Juchitan-de-Zaragoza.jpeg","jetpack_sharing_enabled":true,"_links":{"self":[{"href":"https:\/\/zonaroja.com.mx\/index.php?rest_route=\/wp\/v2\/posts\/50822","targetHints":{"allow":["GET"]}}],"collection":[{"href":"https:\/\/zonaroja.com.mx\/index.php?rest_route=\/wp\/v2\/posts"}],"about":[{"href":"https:\/\/zonaroja.com.mx\/index.php?rest_route=\/wp\/v2\/types\/post"}],"author":[{"embeddable":true,"href":"https:\/\/zonaroja.com.mx\/index.php?rest_route=\/wp\/v2\/users\/2"}],"replies":[{"embeddable":true,"href":"https:\/\/zonaroja.com.mx\/index.php?rest_route=%2Fwp%2Fv2%2Fcomments&post=50822"}],"version-history":[{"count":2,"href":"https:\/\/zonaroja.com.mx\/index.php?rest_route=\/wp\/v2\/posts\/50822\/revisions"}],"predecessor-version":[{"id":50829,"href":"https:\/\/zonaroja.com.mx\/index.php?rest_route=\/wp\/v2\/posts\/50822\/revisions\/50829"}],"wp:featuredmedia":[{"embeddable":true,"href":"https:\/\/zonaroja.com.mx\/index.php?rest_route=\/wp\/v2\/media\/50828"}],"wp:attachment":[{"href":"https:\/\/zonaroja.com.mx\/index.php?rest_route=%2Fwp%2Fv2%2Fmedia&parent=50822"}],"wp:term":[{"taxonomy":"category","embeddable":true,"href":"https:\/\/zonaroja.com.mx\/index.php?rest_route=%2Fwp%2Fv2%2Fcategories&post=50822"},{"taxonomy":"post_tag","embeddable":true,"href":"https:\/\/zonaroja.com.mx\/index.php?rest_route=%2Fwp%2Fv2%2Ftags&post=50822"}],"curies":[{"name":"wp","href":"https:\/\/api.w.org\/{rel}","templated":true}]}}