{"id":50830,"date":"2023-01-24T09:34:00","date_gmt":"2023-01-24T15:34:00","guid":{"rendered":"http:\/\/www.zonaroja.com.mx\/?p=50830"},"modified":"2023-01-24T09:36:06","modified_gmt":"2023-01-24T15:36:06","slug":"en-penultima-fase-aspirantes-a-presidir-la-fiscalia-de-oaxaca","status":"publish","type":"post","link":"https:\/\/zonaroja.com.mx\/?p=50830","title":{"rendered":"En pen\u00faltima fase, aspirantes a presidir la Fiscal\u00eda de Oaxaca"},"content":{"rendered":"\n<p>Redacci\u00f3n\/Zona Roja.<\/p>\n\n\n\n<p>Oaxaca de Ju\u00e1rez, Oax., a 24 de enero de 2023.- Integrantes de la Comisi\u00f3n Permanente de Administraci\u00f3n y Procuraci\u00f3n de Justicia, de la 65 Legislatura local, que preside la diputada Lizett Arroyo Rodr\u00edguez, entrevistaron este lunes a las tres personas integrantes de la terna enviada por el gobernador Salom\u00f3n Jara Cruz, para la designaci\u00f3n de la o el fiscal de Oaxaca.<\/p>\n\n\n\n<p>Asisti\u00f3 a la sesi\u00f3n permanente del grupo legislativo, el presidente de la Junta de Coordinaci\u00f3n Pol\u00edtica (Jucopo), Luis Alfonso Silva Romo, quien destac\u00f3 la importancia de esta etapa de entrevistas para evaluar a la o el candidato&nbsp; aspirante a ocupar la titularidad de la Fiscal\u00eda General del Estado de Oaxaca, a fin de que el pleno elija al perfil&nbsp; y plan de trabajo adecuados para estar al frente de la instituci\u00f3n.<\/p>\n\n\n\n<p>Por su parte, la presidenta de la comisi\u00f3n, Lizett Arroyo Rodr\u00edguez, inform\u00f3 que despu\u00e9s de las entrevistas realizadas, corresponder\u00e1 el an\u00e1lisis de \u00e9stas para enviar el dictamen que ser\u00e1 sometido a votaci\u00f3n ante el pleno, y con el voto de las dos terceras partes de diputadas y diputados presentes en el Pleno ser\u00e1 elegida la persona titular de la Fiscal\u00eda General del Estado.<\/p>\n\n\n\n<p>\u201cVeo perfiles muy buenos, trayectorias muy importantes para ocupar este espacio, todos los diputados necesitamos analizar nuestro voto para emitirlo a favor de quien cubra el perfil y tenga ganas de servir al pueblo de Oaxaca\u201d, expres\u00f3.<\/p>\n\n\n\n<p>Explic\u00f3 \u201cque en caso de que salga una mujer, tendr\u00e1 que iniciar el periodo de siete a\u00f1os, y si es hombre, va a tener que concluir el periodo que dej\u00f3 el licenciado Arturo Peimbert\u201d.<\/p>\n\n\n\n<p>Las personas entrevistadas fueron Jessica Jeanine Rodr\u00edguez Robles, Jos\u00e9 Bernardo Rodr\u00edguez Alamilla y Jos\u00e9 Antonio \u00c1lvarez Hern\u00e1ndez.<\/p>\n\n\n\n<p>En la sesi\u00f3n estuvieron presentes las diputadas integrantes de la comisi\u00f3n, Lizett Arroyo Rodr\u00edguez, Nancy Ben\u00edtez Z\u00e1rate, Mar\u00eda Luisa Matus Fuentes, y el legislador No\u00e9 Doroteo Castillejos.<\/p>\n\n\n\n<p>As\u00ed como las legisladoras Juana Aguilar Espinoza, Adriana Altamirano Rosales y el congresista Samuel Gurri\u00f3n Mat\u00edas; tambi\u00e9n integrantes del Colegio Internacional de Abogados Especializados A.C., de la Barra Mixta de Procuradores de Justicia A.C. y de la Benem\u00e9rita Universidad de Oaxaca (BUO).<\/p>\n\n\n\n<p>(Comunicado)<\/p>\n","protected":false},"excerpt":{"rendered":"<p>Redacci\u00f3n\/Zona Roja. Oaxaca de Ju\u00e1rez, Oax., a 24 de enero de 2023.- Integrantes de la&hellip;<\/p>\n","protected":false},"author":2,"featured_media":50831,"comment_status":"closed","ping_status":"open","sticky":false,"template":"","format":"standard","meta":{"_lmt_disableupdate":"","_lmt_disable":"","_jetpack_memberships_contains_paid_content":false,"footnotes":""},"categories":[109,46],"tags":[2743],"class_list":["post-50830","post","type-post","status-publish","format-standard","has-post-thumbnail","hentry","category-minuto-a-minuto","category-zona-blanca","tag-65-legislatura-del-estado-de-oaxaca"],"jetpack_featured_media_url":"https:\/\/zonaroja.com.mx\/wp-content\/uploads\/2023\/01\/Aspirantes-a-la-Fiscalia-General-del-Estado-Congreso-local.jpg","jetpack_sharing_enabled":true,"_links":{"self":[{"href":"https:\/\/zonaroja.com.mx\/index.php?rest_route=\/wp\/v2\/posts\/50830","targetHints":{"allow":["GET"]}}],"collection":[{"href":"https:\/\/zonaroja.com.mx\/index.php?rest_route=\/wp\/v2\/posts"}],"about":[{"href":"https:\/\/zonaroja.com.mx\/index.php?rest_route=\/wp\/v2\/types\/post"}],"author":[{"embeddable":true,"href":"https:\/\/zonaroja.com.mx\/index.php?rest_route=\/wp\/v2\/users\/2"}],"replies":[{"embeddable":true,"href":"https:\/\/zonaroja.com.mx\/index.php?rest_route=%2Fwp%2Fv2%2Fcomments&post=50830"}],"version-history":[{"count":1,"href":"https:\/\/zonaroja.com.mx\/index.php?rest_route=\/wp\/v2\/posts\/50830\/revisions"}],"predecessor-version":[{"id":50832,"href":"https:\/\/zonaroja.com.mx\/index.php?rest_route=\/wp\/v2\/posts\/50830\/revisions\/50832"}],"wp:featuredmedia":[{"embeddable":true,"href":"https:\/\/zonaroja.com.mx\/index.php?rest_route=\/wp\/v2\/media\/50831"}],"wp:attachment":[{"href":"https:\/\/zonaroja.com.mx\/index.php?rest_route=%2Fwp%2Fv2%2Fmedia&parent=50830"}],"wp:term":[{"taxonomy":"category","embeddable":true,"href":"https:\/\/zonaroja.com.mx\/index.php?rest_route=%2Fwp%2Fv2%2Fcategories&post=50830"},{"taxonomy":"post_tag","embeddable":true,"href":"https:\/\/zonaroja.com.mx\/index.php?rest_route=%2Fwp%2Fv2%2Ftags&post=50830"}],"curies":[{"name":"wp","href":"https:\/\/api.w.org\/{rel}","templated":true}]}}