{"id":50838,"date":"2023-01-24T10:21:00","date_gmt":"2023-01-24T16:21:00","guid":{"rendered":"http:\/\/www.zonaroja.com.mx\/?p=50838"},"modified":"2023-01-24T08:26:03","modified_gmt":"2023-01-24T14:26:03","slug":"impulsan-poder-judicial-de-oaxaca-y-asilegal-programa-de-profesionalizacion","status":"publish","type":"post","link":"https:\/\/zonaroja.com.mx\/?p=50838","title":{"rendered":"Impulsan Poder Judicial de Oaxaca y Asilegal programa de profesionalizaci\u00f3n"},"content":{"rendered":"\n<p>Redacci\u00f3n\/Zona Roja.<\/p>\n\n\n\n<p>Oaxaca de Ju\u00e1rez, Oax., a 24 de enero de 2023.- Los poderes Judiciales de Oaxaca y Nayarit,&nbsp;en&nbsp;colaboraci\u00f3n con la Asociaci\u00f3n Civil Asistencia Legal por los Derechos Humanos (Asilegal), organizaron el curso&nbsp;\u00abModelos Penitenciarios: Enfoque de G\u00e9nero, Intercultural e Interseccional\u00bb,&nbsp;en el cual se inscribieron m\u00e1s de mil 600 participantes&nbsp;que resultaron seleccionados entre dos mil 200 solicitudes y&nbsp;quienes actualmente reciben la capacitaci\u00f3n en la modalidad en l\u00ednea. &nbsp;<\/p>\n\n\n\n<p>Dirigida&nbsp;a&nbsp;juezas,&nbsp;jueces, defensores,&nbsp;operadores del sistema de justicia, miembros de organizaciones civiles y servidores p\u00fablicos&nbsp;que deseen fortalecer sus conocimientos y pr\u00e1ctica profesional en la materia, la actividad acad\u00e9mica tendr\u00e1 una duraci\u00f3n de 30 horas, divididas en 15 d\u00edas de trabajo, que concluir\u00e1n el pr\u00f3ximo 30 de enero.&nbsp;<\/p>\n\n\n\n<p>El programa tiene como&nbsp;principales&nbsp;contenidos&nbsp;los temas: Modelos penitenciarios desde 1917 a 2008; Los beneficios preliberacionales a la luz de la Ley Nacional de Ejecuci\u00f3n Penal, LNEP, en la que se estableci\u00f3 como uno de sus ejes el respeto y promoci\u00f3n de los derechos humanos&nbsp;y&nbsp;Las peticiones administrativas y sus posibles efectos generales.<\/p>\n\n\n\n<p>En su administraci\u00f3n, el titular del Poder Judicial del Estado, magistrado Eduardo Pinacho S\u00e1nchez, estableci\u00f3 lazos de colaboraci\u00f3n con&nbsp;ASILEGAL, principalmente con el objetivo de fortalecer la&nbsp;capacitaci\u00f3n, an\u00e1lisis e investigaci\u00f3n que contribuya al acceso a la justicia para las&nbsp;personas que se encuentran en situaci\u00f3n de vulnerabilidad y conflicto con la ley.&nbsp;<\/p>\n\n\n\n<p>Por ello, para seguir consolidando acciones&nbsp;conjuntas,&nbsp;recientemente el secretario ejecutivo del Consejo de la Judicatura. Jes\u00fas Ezequiel Garc\u00eda&nbsp;L\u00f3pez&nbsp;y&nbsp;la directora de&nbsp;Derechos Humanos, Nidia Mart\u00ednez Esteva&nbsp;sostuvieron una reuni\u00f3n de trabajo con&nbsp;el director de&nbsp;la Asociaci\u00f3n Civil Asistencia Legal por los Derechos Humanos, maestro Jos\u00e9 Luis Guti\u00e9rrez&nbsp;Rom\u00e1n, donde dieron seguimiento a diferentes proyectos.&nbsp;<\/p>\n","protected":false},"excerpt":{"rendered":"<p>Redacci\u00f3n\/Zona Roja. Oaxaca de Ju\u00e1rez, Oax., a 24 de enero de 2023.- Los poderes Judiciales&hellip;<\/p>\n","protected":false},"author":2,"featured_media":50839,"comment_status":"closed","ping_status":"open","sticky":false,"template":"","format":"standard","meta":{"_lmt_disableupdate":"","_lmt_disable":"","_jetpack_memberships_contains_paid_content":false,"footnotes":""},"categories":[109,46],"tags":[223],"class_list":["post-50838","post","type-post","status-publish","format-standard","has-post-thumbnail","hentry","category-minuto-a-minuto","category-zona-blanca","tag-poder-judicial-de-oaxaca"],"jetpack_featured_media_url":"https:\/\/zonaroja.com.mx\/wp-content\/uploads\/2023\/01\/Poder-judicial-Oaxaca.jpg","jetpack_sharing_enabled":true,"_links":{"self":[{"href":"https:\/\/zonaroja.com.mx\/index.php?rest_route=\/wp\/v2\/posts\/50838","targetHints":{"allow":["GET"]}}],"collection":[{"href":"https:\/\/zonaroja.com.mx\/index.php?rest_route=\/wp\/v2\/posts"}],"about":[{"href":"https:\/\/zonaroja.com.mx\/index.php?rest_route=\/wp\/v2\/types\/post"}],"author":[{"embeddable":true,"href":"https:\/\/zonaroja.com.mx\/index.php?rest_route=\/wp\/v2\/users\/2"}],"replies":[{"embeddable":true,"href":"https:\/\/zonaroja.com.mx\/index.php?rest_route=%2Fwp%2Fv2%2Fcomments&post=50838"}],"version-history":[{"count":1,"href":"https:\/\/zonaroja.com.mx\/index.php?rest_route=\/wp\/v2\/posts\/50838\/revisions"}],"predecessor-version":[{"id":50840,"href":"https:\/\/zonaroja.com.mx\/index.php?rest_route=\/wp\/v2\/posts\/50838\/revisions\/50840"}],"wp:featuredmedia":[{"embeddable":true,"href":"https:\/\/zonaroja.com.mx\/index.php?rest_route=\/wp\/v2\/media\/50839"}],"wp:attachment":[{"href":"https:\/\/zonaroja.com.mx\/index.php?rest_route=%2Fwp%2Fv2%2Fmedia&parent=50838"}],"wp:term":[{"taxonomy":"category","embeddable":true,"href":"https:\/\/zonaroja.com.mx\/index.php?rest_route=%2Fwp%2Fv2%2Fcategories&post=50838"},{"taxonomy":"post_tag","embeddable":true,"href":"https:\/\/zonaroja.com.mx\/index.php?rest_route=%2Fwp%2Fv2%2Ftags&post=50838"}],"curies":[{"name":"wp","href":"https:\/\/api.w.org\/{rel}","templated":true}]}}