{"id":50841,"date":"2023-01-24T13:26:00","date_gmt":"2023-01-24T19:26:00","guid":{"rendered":"http:\/\/www.zonaroja.com.mx\/?p=50841"},"modified":"2023-01-24T08:27:36","modified_gmt":"2023-01-24T14:27:36","slug":"opinion-el-plagio","status":"publish","type":"post","link":"https:\/\/zonaroja.com.mx\/?p=50841","title":{"rendered":"Opini\u00f3n. El plagio"},"content":{"rendered":"\n<p>N\u00e9stor Y. S\u00e1nchez Islas<\/p>\n\n\n\n<p>Apenas en las primeras semanas en la UNAM recibimos los alumnos un documento que nos explicaba qu\u00e9&nbsp;era el plagio y c\u00f3mo deb\u00eda evitarse. As\u00ed, desde un inicio,&nbsp;nadie podr\u00eda alegar desconocimiento para justificarse.&nbsp;Era indispensable, en cada tarea, citar correctamente las frases&nbsp;o ideas ajenas; impensable tomar un texto completo&nbsp;y&nbsp;poner nuestro nombre en lugar del autor original.<\/p>\n\n\n\n<p>En el \u00e1mbito de la academia el plagio es un acto de deshonor porque, se supone, quienes llegan a cursar altos niveles&nbsp;de estudio&nbsp;son personas de conducta \u00e9tica.<\/p>\n\n\n\n<p>R\u00edos de tinta y miles de conversaciones en las redes sociales&nbsp;tienen como protagonista a la ministra Yasm\u00edn Esquivel. Fue exhibido el plagio que cometi\u00f3 para titularse al usar en un 90% la tesis de otro alumno y hacerla pasar como suya. Agrava el plagio el alto cargo pol\u00edtico de la se\u00f1ora porque de un juez constitucional se esperar\u00eda una conducta intachable. El descr\u00e9dito&nbsp;en&nbsp;que ahora&nbsp;vive&nbsp;deber\u00eda ser suficiente para que, por iniciativa propia, renunciara al cargo que ostenta.<\/p>\n\n\n\n<p>En medios y plataformas de internet no solo hay un intenso debate sino tambi\u00e9n textos de especialistas que abordan el plagio desde muchos puntos de vista: ya sea moral, ya sea legal o simplemente medi\u00e1tico.<\/p>\n\n\n\n<p>Y la situaci\u00f3n es a\u00fan m\u00e1s escandalosa porque el mismo presidente de la rep\u00fablica ha dicho que ella est\u00e1 ah\u00ed para defender la transformaci\u00f3n, es decir, simpatiza con el obradorismo que, se supone, posee una superioridad moral, que no son iguales, que no son rateros, pero al final la realidad nos ha demostrado que, efectivamente, no son iguales, han salido peores.<\/p>\n\n\n\n<p>El plagio, que es un t\u00e9rmino m\u00e1s bien del \u00e1mbito acad\u00e9mico, en la calle se le dice pirater\u00eda. Y la pirater\u00eda se da en la m\u00fasica, los videos, la ropa y, por supuesto, en algo que nos duele en Oaxaca porque extranjeros han plagiado&nbsp;algunos dise\u00f1os textiles, les han puesto sus marcas y nombres, y los venden a alto precio en Europa. Plagio y apropiaci\u00f3n cultural no son lo mismo, pero van de la mano.<\/p>\n\n\n\n<p>Al usar el plagio con fines comerciales se pasa&nbsp;de&nbsp;una apropiaci\u00f3n cultural simple a una indebida, lo que deber\u00eda acarrear fuertes sanciones econ\u00f3micas para los plagiadores. No debe aceptarse la disculpa de las grandes y famosas marcas&nbsp;de&nbsp;que se trata de homenajes culturales a los creadores ind\u00edgenas porque ser\u00eda normalizar la dominaci\u00f3n y supremac\u00eda&nbsp;de lo&nbsp;extranjero sobre lo propio.&nbsp;Objetos utilitarios de la cultura popular son convertidos en car\u00edsimos objetos decorativos con fines absolutamente comerciales.<\/p>\n\n\n\n<p>El Senado mexicano aprob\u00f3 en 2021 una ley para proteger&nbsp;el patrimonio cultural de los pueblos y comunidades ind\u00edgenas y que sanciona hasta con 20 a\u00f1os de prisi\u00f3n y multas de casi cinco millones de pesos a quien copie, reproduzca o imite estas expresiones sin el consentimiento de las comunidades.<\/p>\n\n\n\n<p>Consider\u00f3 el senador Ricardo Monreal que \u201ces una actitud poco profesional y hasta deleznable el plagio de las artesan\u00edas, de los textiles, de la cultura y el arte de comunidades ind\u00edgenas sin una debida retribuci\u00f3n econ\u00f3mica\u201d. De acuerdo con la&nbsp;tambi\u00e9n senadora Susana Harp, esta ley establecer\u00eda los procedimientos para que las comunidades puedan querellarse.<\/p>\n\n\n\n<p>Pero no solo se roban lo oaxaque\u00f1o, en Oaxaca tambi\u00e9n se cometen plagios y apropiaciones culturales que deber\u00edan ser igualmente rechazadas y sancionadas como lo piden ambos senadores, con c\u00e1rcel y penas econ\u00f3micas.<\/p>\n\n\n\n<p>Durante el gobierno de Alejandro Murat se tuvo la ocurrencia de tratar de&nbsp;obtener&nbsp;la Indicaci\u00f3n de Denominaci\u00f3n Geogr\u00e1fica para los alebrijes. En su momento, cuando iniciaron el tr\u00e1mite formal ante el Instituto Mexicano de la Propiedad Industrial, IMPI, lanzaron las campanas al vuelo, en todos los medios locales y en muchos nacionales publicaron que&nbsp;nadie m\u00e1s podr\u00eda hacer alebrijes si no eran de Oaxaca.<\/p>\n\n\n\n<p>Los alebrijes son creaci\u00f3n de Pedro Linares, un artesano cartonero del mercado de La Merced de la CDMX que los materializ\u00f3 por all\u00e1 de los a\u00f1os 30 del siglo pasado. Son patrimonio cultural de la capital&nbsp;del pa\u00eds. Entre otras instituciones, la&nbsp;UNAM as\u00ed lo ha&nbsp;reconocido&nbsp;en diversos medios. No era un secreto, la informaci\u00f3n est\u00e1, y estaba, disponible en internet para quien quisiera conocer la historia&nbsp;de dichas figuras.<\/p>\n\n\n\n<p>El IMPI termin\u00f3 por rechazar la solicitud del gobierno de Oaxaca que pretend\u00eda legalizar un plagio&nbsp;y&nbsp;una apropiaci\u00f3n cultural&nbsp;que&nbsp;se dio&nbsp;por la necesidad de campesinos de&nbsp;los alrededores&nbsp;de Monte Alb\u00e1n de ganar algo de dinero&nbsp;ofreciendo&nbsp;las coloridas figuras a los turistas.&nbsp;Los originales nacieron en los a\u00f1os 30, las copias oaxaque\u00f1as en los 80; cincuenta a\u00f1os despu\u00e9s.<\/p>\n\n\n\n<p>Legalmente solo los descendientes de Pedro Linares pueden usar el t\u00e9rmino \u201calebrije\u201d. En Oaxaca, despu\u00e9s de la resoluci\u00f3n legal, se les debe llamar tallas de madera, tonas o nahuales.<\/p>\n\n\n\n<p>El plagio es condenable&nbsp;tanto&nbsp;en una ministra,&nbsp;como&nbsp;en un gobierno fr\u00edvolo y superficial como lo fue el de Murat, pero tambi\u00e9n&nbsp;por parte de artesanos copiones.<\/p>\n\n\n\n<p><a href=\"mailto:nestoryuri@yahoo.com\">nestoryuri@yahoo.com<\/a><\/p>\n","protected":false},"excerpt":{"rendered":"<p>N\u00e9stor Y. S\u00e1nchez Islas Apenas en las primeras semanas en la UNAM recibimos los alumnos&hellip;<\/p>\n","protected":false},"author":2,"featured_media":41861,"comment_status":"closed","ping_status":"open","sticky":false,"template":"","format":"standard","meta":{"_lmt_disableupdate":"","_lmt_disable":"","_jetpack_memberships_contains_paid_content":false,"footnotes":""},"categories":[456,109],"tags":[3050],"class_list":["post-50841","post","type-post","status-publish","format-standard","has-post-thumbnail","hentry","category-columna","category-minuto-a-minuto","tag-nestor-yuri-sanchez"],"jetpack_featured_media_url":"https:\/\/zonaroja.com.mx\/wp-content\/uploads\/2022\/05\/Opinion-Nestor-Yuri-Sanchez-Islas.jpg","jetpack_sharing_enabled":true,"_links":{"self":[{"href":"https:\/\/zonaroja.com.mx\/index.php?rest_route=\/wp\/v2\/posts\/50841","targetHints":{"allow":["GET"]}}],"collection":[{"href":"https:\/\/zonaroja.com.mx\/index.php?rest_route=\/wp\/v2\/posts"}],"about":[{"href":"https:\/\/zonaroja.com.mx\/index.php?rest_route=\/wp\/v2\/types\/post"}],"author":[{"embeddable":true,"href":"https:\/\/zonaroja.com.mx\/index.php?rest_route=\/wp\/v2\/users\/2"}],"replies":[{"embeddable":true,"href":"https:\/\/zonaroja.com.mx\/index.php?rest_route=%2Fwp%2Fv2%2Fcomments&post=50841"}],"version-history":[{"count":1,"href":"https:\/\/zonaroja.com.mx\/index.php?rest_route=\/wp\/v2\/posts\/50841\/revisions"}],"predecessor-version":[{"id":50842,"href":"https:\/\/zonaroja.com.mx\/index.php?rest_route=\/wp\/v2\/posts\/50841\/revisions\/50842"}],"wp:featuredmedia":[{"embeddable":true,"href":"https:\/\/zonaroja.com.mx\/index.php?rest_route=\/wp\/v2\/media\/41861"}],"wp:attachment":[{"href":"https:\/\/zonaroja.com.mx\/index.php?rest_route=%2Fwp%2Fv2%2Fmedia&parent=50841"}],"wp:term":[{"taxonomy":"category","embeddable":true,"href":"https:\/\/zonaroja.com.mx\/index.php?rest_route=%2Fwp%2Fv2%2Fcategories&post=50841"},{"taxonomy":"post_tag","embeddable":true,"href":"https:\/\/zonaroja.com.mx\/index.php?rest_route=%2Fwp%2Fv2%2Ftags&post=50841"}],"curies":[{"name":"wp","href":"https:\/\/api.w.org\/{rel}","templated":true}]}}