{"id":50843,"date":"2023-01-24T10:27:00","date_gmt":"2023-01-24T16:27:00","guid":{"rendered":"http:\/\/www.zonaroja.com.mx\/?p=50843"},"modified":"2023-01-24T11:41:45","modified_gmt":"2023-01-24T17:41:45","slug":"pend-22","status":"publish","type":"post","link":"https:\/\/zonaroja.com.mx\/?p=50843","title":{"rendered":"Dos a\u00f1os impune, crimen de defensor Fidel Heras en Oaxaca"},"content":{"rendered":"\n<p>Redacci\u00f3n\/Zona Roja.<\/p>\n\n\n\n<p>Oaxaca de Ju\u00e1rez, Oax., a 24 de enero de 2024.- A dos a\u00f1os del crimen de Fidel Heras Cruz, el caso sigue en la impunidad, denunci\u00f3 la asociaci\u00f3n civil Servicios para una Educaci\u00f3n Alternativa (Educa).<\/p>\n\n\n\n<p>Fue el 23 de enero de 2021 en ultimaron a balazos a quien se desempe\u00f1aba como presidente del Comisariado Ejidal de Paso de la Reyna, Santiago Jamiltepec, y defensor comunitario del r\u00edo \u201cVerde\u201d en la Costa de Oaxaca.<\/p>\n\n\n\n<p>\u201cPese a la denuncia a nivel nacional e internacional del asesinato del defensor Fidel Heras Cruz, no hubo ninguna detenci\u00f3n en el caso, y gracias a esta negligencia la violencia sigue cobrando vidas:<\/p>\n\n\n\n<p>\u201cLos defensores Raymundo Robles Ria\u00f1o, No\u00e9 Robles Cruz, Gerardo Mendoza Reyes y Jaime Jim\u00e9nez Ruiz fueron asesinados en marzo de 2021. Filogonio Mart\u00ednez Merino, durante el a\u00f1o 2021 agente municipal de Paso de la Reyna, fue ejecutado el 26 de octubre de 2022 en el camino a la comunidad\u201d, acus\u00f3 el organismo.<\/p>\n\n\n\n<p>Detall\u00f3 que, mientras tanto, \u201clas autoridades que son c\u00f3mplices de esta impunidad, siguen sus carreras pol\u00edticas: Rub\u00e9n Vasconcelos M\u00e9ndez, Fiscal General del Estado hasta marzo de 2021, cambio a titular de la Secretar\u00eda de Bienestar estatal. Arturo Peimbert, que asumi\u00f3 el cargo de fiscal oaxaque\u00f1o el 28 de marzo de 2021, no present\u00f3 ning\u00fan avance en la investigaci\u00f3n de esta terrible ola de asesinatos de defensores comunitarios y renunci\u00f3 a finales del 2022\u201d.<\/p>\n\n\n\n<p>En un comunicado, Educa expuso que el Presidente Andr\u00e9s Manuel L\u00f3pez Obrador prometi\u00f3 en dos ocasiones en sus conferencias matutinas atender la denuncia de la poblaci\u00f3n de Santiago Jamiltepec, pero no cumpli\u00f3 con su palabra.<\/p>\n\n\n\n<p>En tanto que el titular de la Defensor\u00eda de Oaxaca, Bernardo Rodr\u00edguez Alamilla, no logr\u00f3 garantizar el derecho a la vida de los ciudadanos de Paso de la Reyna, comunidad simb\u00f3lica para la defensa de la naturaleza<\/p>\n\n\n\n<p>\u201cAhora es candidato a fiscal de Oaxaca, propuesto en la terna del gobernador Salom\u00f3n Jara Cruz. \u00bfHasta cu\u00e1ndo la simulaci\u00f3n del estado de derecho?\u201d, sostuvo la asociaci\u00f3n civil.<\/p>\n","protected":false},"excerpt":{"rendered":"<p>Redacci\u00f3n\/Zona Roja. Oaxaca de Ju\u00e1rez, Oax., a 24 de enero de 2024.- A dos a\u00f1os&hellip;<\/p>\n","protected":false},"author":2,"featured_media":50845,"comment_status":"closed","ping_status":"open","sticky":false,"template":"","format":"standard","meta":{"_lmt_disableupdate":"","_lmt_disable":"","_jetpack_memberships_contains_paid_content":false,"footnotes":""},"categories":[109,47],"tags":[],"class_list":["post-50843","post","type-post","status-publish","format-standard","has-post-thumbnail","hentry","category-minuto-a-minuto","category-zona-gris"],"jetpack_featured_media_url":"https:\/\/zonaroja.com.mx\/wp-content\/uploads\/2023\/01\/img_8642.jpg","jetpack_sharing_enabled":true,"_links":{"self":[{"href":"https:\/\/zonaroja.com.mx\/index.php?rest_route=\/wp\/v2\/posts\/50843","targetHints":{"allow":["GET"]}}],"collection":[{"href":"https:\/\/zonaroja.com.mx\/index.php?rest_route=\/wp\/v2\/posts"}],"about":[{"href":"https:\/\/zonaroja.com.mx\/index.php?rest_route=\/wp\/v2\/types\/post"}],"author":[{"embeddable":true,"href":"https:\/\/zonaroja.com.mx\/index.php?rest_route=\/wp\/v2\/users\/2"}],"replies":[{"embeddable":true,"href":"https:\/\/zonaroja.com.mx\/index.php?rest_route=%2Fwp%2Fv2%2Fcomments&post=50843"}],"version-history":[{"count":3,"href":"https:\/\/zonaroja.com.mx\/index.php?rest_route=\/wp\/v2\/posts\/50843\/revisions"}],"predecessor-version":[{"id":50847,"href":"https:\/\/zonaroja.com.mx\/index.php?rest_route=\/wp\/v2\/posts\/50843\/revisions\/50847"}],"wp:featuredmedia":[{"embeddable":true,"href":"https:\/\/zonaroja.com.mx\/index.php?rest_route=\/wp\/v2\/media\/50845"}],"wp:attachment":[{"href":"https:\/\/zonaroja.com.mx\/index.php?rest_route=%2Fwp%2Fv2%2Fmedia&parent=50843"}],"wp:term":[{"taxonomy":"category","embeddable":true,"href":"https:\/\/zonaroja.com.mx\/index.php?rest_route=%2Fwp%2Fv2%2Fcategories&post=50843"},{"taxonomy":"post_tag","embeddable":true,"href":"https:\/\/zonaroja.com.mx\/index.php?rest_route=%2Fwp%2Fv2%2Ftags&post=50843"}],"curies":[{"name":"wp","href":"https:\/\/api.w.org\/{rel}","templated":true}]}}