{"id":50860,"date":"2023-01-27T09:30:00","date_gmt":"2023-01-27T15:30:00","guid":{"rendered":"http:\/\/www.zonaroja.com.mx\/?p=50860"},"modified":"2023-01-26T19:13:49","modified_gmt":"2023-01-27T01:13:49","slug":"reducen-presupuesto-para-erradicar-violencia-de-genero-en-oaxaca","status":"publish","type":"post","link":"https:\/\/zonaroja.com.mx\/?p=50860","title":{"rendered":"Reducen presupuesto para erradicar violencia de g\u00e9nero en Oaxaca"},"content":{"rendered":"\n<p>Yuridiana Sosa\/Zona Roja.<\/p>\n\n\n\n<p>Oaxaca de Ju\u00e1rez, Oax., 27 de enero de 2023.- Pese a ola delictiva, en acciones contra la violencia hacia las mujeres por raz\u00f3n de g\u00e9nero, el Congreso de Oaxaca aprob\u00f3 un reducci\u00f3n total de tres mil 762 millones 413 mil 158 pesos a diversas dependencias, para este ejercicio fiscal 2023.<\/p>\n\n\n\n<p>La evoluci\u00f3n del presupuesto destinado para la pol\u00edtica de Igualdad de g\u00e9nero y atenci\u00f3n a la Alerta de Violencia de G\u00e9nero contra las Mujeres y sobre la Alerta de Violencia de G\u00e9nero contra las Mujeres en Oaxaca -expuesta por el Centro de Estudios de las Mujeres y Paridad de G\u00e9nero- indica que el monto asignado es de 15 mil 481 millones 325 mil 456.72 pesos.<\/p>\n\n\n\n<p>Colectivos en defensa de los derechos de las mujeres se\u00f1alan que el aumento de la violencia es por la impunidad a los hechos, los cuales cuando se investigan no se hacen con perspectiva de g\u00e9nero.<\/p>\n\n\n\n<p>Si bien se\u00f1alan que no habr\u00e1 pol\u00edticas p\u00fablicas ni acciones de prevenci\u00f3n y atenci\u00f3n de la violencia que funcionen o presupuestos p\u00fablicos que alcance&nbsp; si no existen sanciones oportunas, en cuesti\u00f3n de dinero se aplic\u00f3 ajuste a la baja en instituciones primordiales.<\/p>\n\n\n\n<p>En la Secretar\u00eda de Seguridad y Protecci\u00f3n Ciudadana se aplic\u00f3 una reducci\u00f3n de 163 mil 552 pesos.<\/p>\n\n\n\n<p>En la Secretar\u00eda de la Mujer el presupuesto pas\u00f3 de 18 millones 745 mil 909.95 pesos a 31 millones 167 mil 723.88 pesos.<\/p>\n\n\n\n<p>En documento indica que por el programa Oaxaca Seguro decreci\u00f3 y pas\u00f3 de dos mil 200 millones 497 mil 104.31 pesos a dos mil 21 millones 662 mil 572.24 pesos.<\/p>\n\n\n\n<p>En la Fiscal\u00eda General del Estado de Oaxaca pas\u00f3 de 330 millones 471 mil 714.68 a un mill\u00f3n 955 mil 83.90 pesos, es de decir, 328 millones 516 mil 631 pesos menos.<\/p>\n\n\n\n<p>En tanto que el Tribunal de Justicia Administrativa del Estado qued\u00f3 con 19 millones 142 mil 151. 74 pesos, eso es 745 mil 278 pesos menos. As\u00ed como tambi\u00e9n se redujo en la Defensor\u00eda P\u00fablica del Estado de Oaxaca en dos millones 632 mil 134 pesos y quedar en 30 millones 478 mil 39.60 pesos.<\/p>\n\n\n\n<p>As\u00ed tambi\u00e9n, Congreso de Oaxaca orden\u00f3 a la Secretar\u00eda de las Mujeres, para que, a m\u00e1s tardar el 31 de enero del 2023, publique el detalle de los programas, proyectos y acciones a implementar con los Ejecutores de gasto.<\/p>\n\n\n\n<p>Adem\u00e1s, en el Anexo 6 del Presupuesto de Egresos del Estado de Oaxaca para el Ejercicio Fiscal 2023 se autoriz\u00f3 una reasignaci\u00f3n por el monto de seis millones de pesos para la cultura y las artes a favor de la Secretar\u00eda de las Mujeres y 18 millones de pesos para \u201cEquidad de g\u00e9nero y Atenci\u00f3n de la Alerta de Violencia de G\u00e9nero\u201d.&nbsp;<\/p>\n","protected":false},"excerpt":{"rendered":"<p>Yuridiana Sosa\/Zona Roja. Oaxaca de Ju\u00e1rez, Oax., 27 de enero de 2023.- Pese a ola&hellip;<\/p>\n","protected":false},"author":2,"featured_media":31187,"comment_status":"closed","ping_status":"open","sticky":false,"template":"","format":"standard","meta":{"_lmt_disableupdate":"","_lmt_disable":"","_jetpack_memberships_contains_paid_content":false,"footnotes":""},"categories":[109,47],"tags":[2743],"class_list":["post-50860","post","type-post","status-publish","format-standard","has-post-thumbnail","hentry","category-minuto-a-minuto","category-zona-gris","tag-65-legislatura-del-estado-de-oaxaca"],"jetpack_featured_media_url":"https:\/\/zonaroja.com.mx\/wp-content\/uploads\/2021\/08\/Violencia-de-genero-mujeres-2.jpg","jetpack_sharing_enabled":true,"_links":{"self":[{"href":"https:\/\/zonaroja.com.mx\/index.php?rest_route=\/wp\/v2\/posts\/50860","targetHints":{"allow":["GET"]}}],"collection":[{"href":"https:\/\/zonaroja.com.mx\/index.php?rest_route=\/wp\/v2\/posts"}],"about":[{"href":"https:\/\/zonaroja.com.mx\/index.php?rest_route=\/wp\/v2\/types\/post"}],"author":[{"embeddable":true,"href":"https:\/\/zonaroja.com.mx\/index.php?rest_route=\/wp\/v2\/users\/2"}],"replies":[{"embeddable":true,"href":"https:\/\/zonaroja.com.mx\/index.php?rest_route=%2Fwp%2Fv2%2Fcomments&post=50860"}],"version-history":[{"count":2,"href":"https:\/\/zonaroja.com.mx\/index.php?rest_route=\/wp\/v2\/posts\/50860\/revisions"}],"predecessor-version":[{"id":50934,"href":"https:\/\/zonaroja.com.mx\/index.php?rest_route=\/wp\/v2\/posts\/50860\/revisions\/50934"}],"wp:featuredmedia":[{"embeddable":true,"href":"https:\/\/zonaroja.com.mx\/index.php?rest_route=\/wp\/v2\/media\/31187"}],"wp:attachment":[{"href":"https:\/\/zonaroja.com.mx\/index.php?rest_route=%2Fwp%2Fv2%2Fmedia&parent=50860"}],"wp:term":[{"taxonomy":"category","embeddable":true,"href":"https:\/\/zonaroja.com.mx\/index.php?rest_route=%2Fwp%2Fv2%2Fcategories&post=50860"},{"taxonomy":"post_tag","embeddable":true,"href":"https:\/\/zonaroja.com.mx\/index.php?rest_route=%2Fwp%2Fv2%2Ftags&post=50860"}],"curies":[{"name":"wp","href":"https:\/\/api.w.org\/{rel}","templated":true}]}}