{"id":50862,"date":"2023-01-25T11:30:00","date_gmt":"2023-01-25T17:30:00","guid":{"rendered":"http:\/\/www.zonaroja.com.mx\/?p=50862"},"modified":"2023-01-24T21:56:02","modified_gmt":"2023-01-25T03:56:02","slug":"de-mal-en-peor-martinez-neri-morenistas-de-oaxaca-reprobados-mitofsky","status":"publish","type":"post","link":"https:\/\/zonaroja.com.mx\/?p=50862","title":{"rendered":"De mal en peor Mart\u00ednez Neri; morenistas de Oaxaca, reprobados: Mitofsky"},"content":{"rendered":"\n<p>Yuridiana Sosa\/Zona Roja.<\/p>\n\n\n\n<p>Oaxaca de Ju\u00e1rez, Oax., 24 de enero de 2023.- Los presidentes municipales por Morena de Oaxaca de Ju\u00e1rez, Juchit\u00e1n de Zaragoza y Salina Cruz, reprobaron en el nivel de aceptaci\u00f3n de su gobierno en el \u00faltimo mes del 2022, de acuerdo con el \u201cRanking aprobaci\u00f3n 150 alcaldes en M\u00e9xico, diciembre\u201d.<\/p>\n\n\n\n<p>El peor evaluado entre los oaxaque\u00f1os fue el edil de la capital, Francisco Mart\u00ednez Neri, quien logr\u00f3 una desaprobaci\u00f3n del 61.2 por ciento y apenas un 37.1 por ciento que&nbsp;lo&nbsp;avala, ocupando el lugar 118 en el ranking, en la categor\u00eda de baja puntuaci\u00f3n.<\/p>\n\n\n\n<p>Esta puntuaci\u00f3n, al final de su primer a\u00f1o de gobierno, representa una baja en comparaci\u00f3n a la evaluaci\u00f3n bimestral pasada de octubre, en la que obtuvo una desaprobaci\u00f3n de 57.7 por ciento y 40.5 de aprobaci\u00f3n, ocupando el lugar 103 de entre los 150.<\/p>\n\n\n\n<p>Durante la evaluaci\u00f3n m\u00e1s reciente, el edil de Juchit\u00e1n de Zaragoza, Emilio Montero (con cargo hasta noviembre), obtuvo una calificaci\u00f3n de 43.5 por ciento de aprobaci\u00f3n y un 53.2 por ciento estuvo en desacuerdo, lo que lo llev\u00f3 al lugar 88, en el nivel medio.<\/p>\n\n\n\n<p>Para el istme\u00f1o, tambi\u00e9n se trata de ca\u00edda en la evaluaci\u00f3n con relaci\u00f3n a la pasada evaluaci\u00f3n, en la que se coloc\u00f3 en el lugar 79 del ranking, con una calificaci\u00f3n de 53.4 por ciento de desaprobaci\u00f3n.<\/p>\n\n\n\n<p>En tanto, el mejor evaluado de los tres fue el edil de Salina Cruz, Daniel M\u00e9ndez Sosa, sin embargo, tambi\u00e9n recibi\u00f3 calificaci\u00f3n reprobatoria con el 44.9 por ciento de aprobaci\u00f3n y el 48.5 de desaprobaci\u00f3n, ocupando el sitio 82, del nivel medio de puntuaci\u00f3n.<\/p>\n\n\n\n<p>Pero respecto a la pasada evaluaci\u00f3n tambi\u00e9n representa una disminuci\u00f3n en el nivel de la lista nacional, pues en octubre ocup\u00f3 el lugar 67, con el 46.8 por ciento de aprobaci\u00f3n.<\/p>\n\n\n\n<p>A nivel nacional, la encuestadora report\u00f3 que, en el sexto bimestre del a\u00f1o, el 45.3 por ciento de los ciudadanos aprobaron, en promedio, la gesti\u00f3n de sus 150 gobernantes municipales.<\/p>\n\n\n\n<p>Los ediles que lograron una aprobaci\u00f3n \u201csobresaliente\u2019\u2019 fueron el morenista de Jojutla, Morelos, Juan \u00c1ngel Flores con un 68.9 por ciento, y el panista Jes\u00fas Nader Nasrallah con 67.1 por ciento, de Tampico, Tamaulipas.<\/p>\n","protected":false},"excerpt":{"rendered":"<p>Yuridiana Sosa\/Zona Roja. Oaxaca de Ju\u00e1rez, Oax., 24 de enero de 2023.- Los presidentes municipales&hellip;<\/p>\n","protected":false},"author":2,"featured_media":48439,"comment_status":"closed","ping_status":"open","sticky":false,"template":"","format":"standard","meta":{"_lmt_disableupdate":"","_lmt_disable":"","_jetpack_memberships_contains_paid_content":false,"footnotes":""},"categories":[109,47],"tags":[2418],"class_list":["post-50862","post","type-post","status-publish","format-standard","has-post-thumbnail","hentry","category-minuto-a-minuto","category-zona-gris","tag-francisco-martinez-neri"],"jetpack_featured_media_url":"https:\/\/zonaroja.com.mx\/wp-content\/uploads\/2022\/11\/Francisco-Martinez-Neri.jpg","jetpack_sharing_enabled":true,"_links":{"self":[{"href":"https:\/\/zonaroja.com.mx\/index.php?rest_route=\/wp\/v2\/posts\/50862","targetHints":{"allow":["GET"]}}],"collection":[{"href":"https:\/\/zonaroja.com.mx\/index.php?rest_route=\/wp\/v2\/posts"}],"about":[{"href":"https:\/\/zonaroja.com.mx\/index.php?rest_route=\/wp\/v2\/types\/post"}],"author":[{"embeddable":true,"href":"https:\/\/zonaroja.com.mx\/index.php?rest_route=\/wp\/v2\/users\/2"}],"replies":[{"embeddable":true,"href":"https:\/\/zonaroja.com.mx\/index.php?rest_route=%2Fwp%2Fv2%2Fcomments&post=50862"}],"version-history":[{"count":1,"href":"https:\/\/zonaroja.com.mx\/index.php?rest_route=\/wp\/v2\/posts\/50862\/revisions"}],"predecessor-version":[{"id":50863,"href":"https:\/\/zonaroja.com.mx\/index.php?rest_route=\/wp\/v2\/posts\/50862\/revisions\/50863"}],"wp:featuredmedia":[{"embeddable":true,"href":"https:\/\/zonaroja.com.mx\/index.php?rest_route=\/wp\/v2\/media\/48439"}],"wp:attachment":[{"href":"https:\/\/zonaroja.com.mx\/index.php?rest_route=%2Fwp%2Fv2%2Fmedia&parent=50862"}],"wp:term":[{"taxonomy":"category","embeddable":true,"href":"https:\/\/zonaroja.com.mx\/index.php?rest_route=%2Fwp%2Fv2%2Fcategories&post=50862"},{"taxonomy":"post_tag","embeddable":true,"href":"https:\/\/zonaroja.com.mx\/index.php?rest_route=%2Fwp%2Fv2%2Ftags&post=50862"}],"curies":[{"name":"wp","href":"https:\/\/api.w.org\/{rel}","templated":true}]}}