{"id":50864,"date":"2023-01-25T15:00:00","date_gmt":"2023-01-25T21:00:00","guid":{"rendered":"http:\/\/www.zonaroja.com.mx\/?p=50864"},"modified":"2023-01-24T22:01:42","modified_gmt":"2023-01-25T04:01:42","slug":"opinion-a-la-comision-de-honor-del-consejo-universitario","status":"publish","type":"post","link":"https:\/\/zonaroja.com.mx\/?p=50864","title":{"rendered":"Opini\u00f3n. A la Comisi\u00f3n de Honor del Consejo Universitario"},"content":{"rendered":"\n<p>Gibr\u00e1n Ram\u00edrez Reyes*<\/p>\n\n\n\n<p>En el plagio de Yasm\u00edn Esquivel hay dos asuntos jur\u00eddicos por resolver: uno acad\u00e9mico, referido a la expedici\u00f3n del t\u00edtulo, y uno penal, referido a la usurpaci\u00f3n de profesi\u00f3n. Me refiero hoy s\u00f3lo al acad\u00e9mico. Las negritas son m\u00edas.<\/p>\n\n\n\n<p>La ley reglamentaria del art\u00edculo 5\u00ba constitucional establece en su art\u00edculo 1\u00ba que \u201cT\u00edtulo profesional es el documento expedido por instituciones del Estado o descentralizadas, y por instituciones particulares que tengan reconocimiento de validez oficial de estudios, a favor de la persona que haya concluido los estudios correspondientes o demostrado tener los conocimientos necesarios de conformidad con esta Ley y otras disposiciones aplicables\u201d.&nbsp;<\/p>\n\n\n\n<p>La otra disposici\u00f3n aplicable es evidentemente la Ley Org\u00e1nica de la UNAM que la faculta a \u201cExpedir certificados de estudios, grados y t\u00edtulos\u201d, desde luego, seg\u00fan su normatividad, para lo cual es una \u201ccorporaci\u00f3n p\u00fablica -organismo descentralizado del Estado- dotada de plena capacidad jur\u00eddica y que tiene por fines impartir educaci\u00f3n superior para formar profesionistas, investigadores, profesores universitarios y t\u00e9cnicos \u00fatiles a la sociedad\u201d.&nbsp;<\/p>\n\n\n\n<p>Dicha normatividad es el estatuto general de la universidad. As\u00ed, por obra de su ley org\u00e1nica, el Estado ya ha depositado en la UNAM la potestad del reconocimiento de los estudios \u2013puede hacerlo o no\u2014 y la titulaci\u00f3n de los profesionistas. Se ha citado profusamente el art\u00edculo 97 del Estatuto General que en su fracci\u00f3n II dice \u201cEl alumno que haya prestado o recibido ayuda fraudulenta en las pruebas de aprovechamiento, ser\u00e1 suspendido hasta por un a\u00f1o, sin perjuicio de la nulidad del examen sustentado\u201d.&nbsp;<\/p>\n\n\n\n<p>Dicho art\u00edculo es aplicable en la parte de la nulidad del examen sustentado, pero no niego que esta hip\u00f3tesis en particular haya podido generarle ruido al rector. Hay, sin embargo, un camino alternativo.<\/p>\n\n\n\n<p>El art\u00edculo 90 del estatuto general establece claramente \u201cLos miembros de la Universidad son responsables por el incumplimiento de las obligaciones que espec\u00edficamente les imponen la Ley Org\u00e1nica, el Estatuto y sus reglamentos\u201d.<\/p>\n\n\n\n<p>Mientras el 95 establece como \u201ccausas especialmente graves de responsabilidad, aplicables a todos los miembros de la Universidad\u201d, la \u201crealizaci\u00f3n de actos concretos que tiendan a debilitar los principios b\u00e1sicos de la Universidad\u201d y \u201cla comisi\u00f3n en su actuaci\u00f3n universitaria, de actos contrarios a la moral y al respeto que entre s\u00ed se deben los miembros de la comunidad universitaria\u201d.&nbsp;<\/p>\n\n\n\n<p>El art\u00edculo 7 establece como miembros de la universidad a \u201cautoridades, investigadores, t\u00e9cnicos, profesores, alumnos, empleados y los graduados en ella\u201d. Desde luego, Yasm\u00edn Esquivel se gradu\u00f3. No ser\u00eda la primera vez que el tribunal sancione a un egresado, incluso sin ser graduado, con el desconocimiento de sus estudios, sino que hay jurisprudencia.&nbsp;<\/p>\n\n\n\n<p>Sucedi\u00f3 con Alejandro Echavarr\u00eda, \u201cEl Mosh\u201d, quien ya no era alumno, sino un egresado condecorado con la medalla Gabino Barreda, a quien se le aplic\u00f3 la expulsi\u00f3n definitiva e incluso se le revoc\u00f3 el reconocimiento de sus estudios impidi\u00e9ndole la titulaci\u00f3n.&nbsp;<\/p>\n\n\n\n<p>\u201cEl Mosh\u201d impugn\u00f3 y la Suprema Corte ratific\u00f3 la expulsi\u00f3n argumentando que la UNAM tiene \u201cuna autonom\u00eda normativa y org\u00e1nica plena, lo que les permite expedir su propia legislaci\u00f3n e instituir sus propios \u00f3rganos de gobierno\u201d. Es, sin duda, una cuesti\u00f3n de honor.&nbsp;<\/p>\n\n\n\n<p>*Doctor en ciencia pol\u00edtica por la UNAM.<\/p>\n\n\n\n<p>@gibranrr<\/p>\n","protected":false},"excerpt":{"rendered":"<p>Gibr\u00e1n Ram\u00edrez Reyes* En el plagio de Yasm\u00edn Esquivel hay dos asuntos jur\u00eddicos por resolver:&hellip;<\/p>\n","protected":false},"author":2,"featured_media":41734,"comment_status":"closed","ping_status":"open","sticky":false,"template":"","format":"standard","meta":{"_lmt_disableupdate":"","_lmt_disable":"","_jetpack_memberships_contains_paid_content":false,"footnotes":""},"categories":[456,109],"tags":[2489],"class_list":["post-50864","post","type-post","status-publish","format-standard","has-post-thumbnail","hentry","category-columna","category-minuto-a-minuto","tag-gibran-ramirez-reyes"],"jetpack_featured_media_url":"https:\/\/zonaroja.com.mx\/wp-content\/uploads\/2022\/05\/Opinion-Gibran-Ramirez-Reyes.jpg","jetpack_sharing_enabled":true,"_links":{"self":[{"href":"https:\/\/zonaroja.com.mx\/index.php?rest_route=\/wp\/v2\/posts\/50864","targetHints":{"allow":["GET"]}}],"collection":[{"href":"https:\/\/zonaroja.com.mx\/index.php?rest_route=\/wp\/v2\/posts"}],"about":[{"href":"https:\/\/zonaroja.com.mx\/index.php?rest_route=\/wp\/v2\/types\/post"}],"author":[{"embeddable":true,"href":"https:\/\/zonaroja.com.mx\/index.php?rest_route=\/wp\/v2\/users\/2"}],"replies":[{"embeddable":true,"href":"https:\/\/zonaroja.com.mx\/index.php?rest_route=%2Fwp%2Fv2%2Fcomments&post=50864"}],"version-history":[{"count":1,"href":"https:\/\/zonaroja.com.mx\/index.php?rest_route=\/wp\/v2\/posts\/50864\/revisions"}],"predecessor-version":[{"id":50865,"href":"https:\/\/zonaroja.com.mx\/index.php?rest_route=\/wp\/v2\/posts\/50864\/revisions\/50865"}],"wp:featuredmedia":[{"embeddable":true,"href":"https:\/\/zonaroja.com.mx\/index.php?rest_route=\/wp\/v2\/media\/41734"}],"wp:attachment":[{"href":"https:\/\/zonaroja.com.mx\/index.php?rest_route=%2Fwp%2Fv2%2Fmedia&parent=50864"}],"wp:term":[{"taxonomy":"category","embeddable":true,"href":"https:\/\/zonaroja.com.mx\/index.php?rest_route=%2Fwp%2Fv2%2Fcategories&post=50864"},{"taxonomy":"post_tag","embeddable":true,"href":"https:\/\/zonaroja.com.mx\/index.php?rest_route=%2Fwp%2Fv2%2Ftags&post=50864"}],"curies":[{"name":"wp","href":"https:\/\/api.w.org\/{rel}","templated":true}]}}