{"id":50872,"date":"2023-01-25T08:30:00","date_gmt":"2023-01-25T14:30:00","guid":{"rendered":"http:\/\/www.zonaroja.com.mx\/?p=50872"},"modified":"2023-01-25T06:46:23","modified_gmt":"2023-01-25T12:46:23","slug":"rehabilitan-en-santa-lucia-del-camino-vialidad-abandonada-por-10-anos","status":"publish","type":"post","link":"https:\/\/zonaroja.com.mx\/?p=50872","title":{"rendered":"Rehabilitan en Santa Luc\u00eda del Camino vialidad abandonada por 10 a\u00f1os"},"content":{"rendered":"\n<p>Redacci\u00f3n\/Zona Roja.<\/p>\n\n\n\n<p>Oaxaca de Ju\u00e1rez, Oax., a 25 de enero de 2023.- Luego de m\u00e1s de 10 a\u00f1os en el abandono, vecinos de la colonia Flores Sur de Santa Luc\u00eda del Camino pudieron disfrutar de la rehabilitaci\u00f3n de la calle Prolongaci\u00f3n de Eucaliptos, que tras haberse construido hace 30 a\u00f1os ninguna autoridad se hab\u00eda interesado en brindarle mantenimiento.<\/p>\n\n\n\n<p>El presidente municipal de la demarcaci\u00f3n, Juan Carlos Garc\u00eda M\u00e1rquez, escuch\u00f3 la petici\u00f3n ciudadana para poder brindar una vialidad transitable, que cuenta con una longitud de 80 metros de largo por ocho metros de ancho, para un total de m\u00e1s de 620 metros cuadrados de concreto hidr\u00e1ulico.<\/p>\n\n\n\n<p>Las y los vecinos expresaron su contento, agradecieron y reconocieron el trabajo que est\u00e1 realizando el ayuntamiento de Santa Luc\u00eda del Camino, por lograr la rehabilitaci\u00f3n de una vialidad que traer\u00e1 bienestar a los colonos y dem\u00e1s gente que transite por la zona.<\/p>\n\n\n\n<p>Por su parte, el presidente municipal garantiz\u00f3 que seguir\u00e1 gobernando con honestidad y transparencia, para seguir cumpliendo a los vecinos de Santa Luc\u00eda, tal como lo comprometi\u00f3 desde el primer d\u00eda de su mandato.<\/p>\n\n\n\n<figure class=\"wp-block-embed is-type-rich is-provider-twitter wp-block-embed-twitter\"><div class=\"wp-block-embed__wrapper\">\n<div class=\"twitter-tweet\"><blockquote class=\"twitter-tweet\" data-lang=\"es\"><p lang=\"es\" dir=\"ltr\">El presidente municipal de <a href=\"https:\/\/twitter.com\/SantaLucia_Ayto?ref_src=twsrc%5Etfw\">@SantaLucia_Ayto<\/a>, <a href=\"https:\/\/twitter.com\/JC_GMarquez?ref_src=twsrc%5Etfw\">@JC_GMarquez<\/a>, inaugur\u00f3 una obra m\u00e1s.\u00a0<br>Vecinos de la colonia Flores Sur agradecieron por la \u00a0vialidad rehabilitada de m\u00e1s de 620 metros de concreto hidr\u00e1ulico.\u00a0<br>Desde hace m\u00e1s de 10 a\u00f1os estuvo en el abandono la vialidad. <a href=\"https:\/\/t.co\/ErDU2IiT73\">pic.twitter.com\/ErDU2IiT73<\/a><\/p>&mdash; Zona Roja Oaxaca (@ZonaRoja_Oaxaca) <a href=\"https:\/\/twitter.com\/ZonaRoja_Oaxaca\/status\/1617936635718692864?ref_src=twsrc%5Etfw\">24 de enero de 2023<\/a><\/blockquote><\/div>\n<\/div><\/figure>\n","protected":false},"excerpt":{"rendered":"<p>Redacci\u00f3n\/Zona Roja. Oaxaca de Ju\u00e1rez, Oax., a 25 de enero de 2023.- Luego de m\u00e1s&hellip;<\/p>\n","protected":false},"author":2,"featured_media":50873,"comment_status":"closed","ping_status":"open","sticky":false,"template":"","format":"standard","meta":{"_lmt_disableupdate":"","_lmt_disable":"","_jetpack_memberships_contains_paid_content":false,"footnotes":""},"categories":[109,46],"tags":[337],"class_list":["post-50872","post","type-post","status-publish","format-standard","has-post-thumbnail","hentry","category-minuto-a-minuto","category-zona-blanca","tag-santa-lucia-del-camino"],"jetpack_featured_media_url":"https:\/\/zonaroja.com.mx\/wp-content\/uploads\/2023\/01\/Santa-Lucia-del-Camino-Juan-Carlos-Garcia.jpg","jetpack_sharing_enabled":true,"_links":{"self":[{"href":"https:\/\/zonaroja.com.mx\/index.php?rest_route=\/wp\/v2\/posts\/50872","targetHints":{"allow":["GET"]}}],"collection":[{"href":"https:\/\/zonaroja.com.mx\/index.php?rest_route=\/wp\/v2\/posts"}],"about":[{"href":"https:\/\/zonaroja.com.mx\/index.php?rest_route=\/wp\/v2\/types\/post"}],"author":[{"embeddable":true,"href":"https:\/\/zonaroja.com.mx\/index.php?rest_route=\/wp\/v2\/users\/2"}],"replies":[{"embeddable":true,"href":"https:\/\/zonaroja.com.mx\/index.php?rest_route=%2Fwp%2Fv2%2Fcomments&post=50872"}],"version-history":[{"count":1,"href":"https:\/\/zonaroja.com.mx\/index.php?rest_route=\/wp\/v2\/posts\/50872\/revisions"}],"predecessor-version":[{"id":50874,"href":"https:\/\/zonaroja.com.mx\/index.php?rest_route=\/wp\/v2\/posts\/50872\/revisions\/50874"}],"wp:featuredmedia":[{"embeddable":true,"href":"https:\/\/zonaroja.com.mx\/index.php?rest_route=\/wp\/v2\/media\/50873"}],"wp:attachment":[{"href":"https:\/\/zonaroja.com.mx\/index.php?rest_route=%2Fwp%2Fv2%2Fmedia&parent=50872"}],"wp:term":[{"taxonomy":"category","embeddable":true,"href":"https:\/\/zonaroja.com.mx\/index.php?rest_route=%2Fwp%2Fv2%2Fcategories&post=50872"},{"taxonomy":"post_tag","embeddable":true,"href":"https:\/\/zonaroja.com.mx\/index.php?rest_route=%2Fwp%2Fv2%2Ftags&post=50872"}],"curies":[{"name":"wp","href":"https:\/\/api.w.org\/{rel}","templated":true}]}}