{"id":50879,"date":"2023-01-25T11:37:00","date_gmt":"2023-01-25T17:37:00","guid":{"rendered":"http:\/\/www.zonaroja.com.mx\/?p=50879"},"modified":"2023-01-25T13:59:56","modified_gmt":"2023-01-25T19:59:56","slug":"pend1-11","status":"publish","type":"post","link":"https:\/\/zonaroja.com.mx\/?p=50879","title":{"rendered":"Ante nueva orden judicial, Juan Antonio V. C. continuar\u00e1 en prisi\u00f3n por caso Mar\u00eda Elena"},"content":{"rendered":"\n<p>Yuridiana Sosa\/Zona Roja.<\/p>\n\n\n\n<p>Oaxaca de Ju\u00e1rez, Oax., 25 de enero de 2023.- Una nueva orden de una juez local determin\u00f3 que Juan Antonio V. C. \u2013presunto autor intelectual del ataque con \u00e1cido a Mar\u00eda Elena R\u00edos- permanecer\u00e1 detenido en el Centro Penitenciario de San Francisco Tanivet, en Tlacolula, por lo que dej\u00f3 sin efecto la orden para el arraigo domiciliario.<\/p>\n\n\n\n<p>El titular de la Consejer\u00eda Jur\u00eddica del Gobierno del Estado de Oaxaca, Geovany V\u00e1squez Sagrero, confirm\u00f3 que por la noche de ayer fueron notificados de la nueva orden de una juez del fuero com\u00fan, lo que indica que el ex diputado del PRI siga en prisi\u00f3n oficiosa.<\/p>\n\n\n\n<p>Dicha decisi\u00f3n es compartida por el Poder Ejecutivo, quien contest\u00f3 al orden del juez Te\u00f3dulo Pacheco que no se contaban como las condiciones materiales para llevar a cabo la determinaci\u00f3n, pues no se cuentan con los elementos necesarios para evitar una fuga.<\/p>\n\n\n\n<p>El funcionario estatal apunt\u00f3 que en cuanto se recibi\u00f3 el mandato del juez para el arraigo domiciliario, las autoridades correspondientes verificaron el domicilio donde permanecer\u00eda Juan Antonio V. C. y no cumple con las medidas de seguridad para garantizar la prisi\u00f3n en esa modalidad.<\/p>\n\n\n\n<p>\u201cNo es que haya un desacato, como Ejecutivos somos respetuosos de la divisi\u00f3n de poderes, pero tambi\u00e9n hay una corresponsabilidad en la pena y medidas de seguridad, y si nos est\u00e1n diciendo los que saben que se cuenta con los elementos para cumplir a cabalidad, desde el traslado, por eso \u201d, expres\u00f3 el consejero Jur\u00eddico. <\/p>\n\n\n\n<p>Ante esta posici\u00f3n del Gobierno del Estado, ayer por la ma\u00f1ana tambi\u00e9n recibieron la notificaci\u00f3n de parte de un Juez Federal, en el que la parte defensora del imputado promovi\u00f3 un amparo contra la omisi\u00f3n del traslado, y para el cual se contaba con 24 horas para dar cumplimiento; pero ante la nueva decisi\u00f3n de la juez, queda sin efecto. <\/p>\n\n\n\n<p>Agreg\u00f3 que para el cuidado de Juan Antonio V. C., la Secretar\u00eda de Seguridad del estado deb\u00eda disponer de al menos 12 polic\u00edas, lo que va en detrimento a las actividades de seguridad p\u00fablica en medio de un escenario violento que atraviesa la entidad. <\/p>\n\n\n\n<p>Respecto al posicionamiento de la parte defensora de Mar\u00eda Elena R\u00edos, al pedir que el gobernador Salom\u00f3n Jara renuncia por permitir la decisi\u00f3n del juez Te\u00f3dulo Pacheco, el consejero jur\u00eddico apunt\u00f3 que como Poder Ejecutivo no se pueden meter en la determinaci\u00f3n y \u201cno lo vamos hacer\u201d, porque no habr\u00eda divisi\u00f3n de poderes.<\/p>\n\n\n\n<figure class=\"wp-block-embed\"><div class=\"wp-block-embed__wrapper\">\n<div class=\"twitter-tweet\"><blockquote class=\"twitter-tweet\" data-lang=\"es\"><p lang=\"es\" dir=\"ltr\"><a href=\"https:\/\/twitter.com\/hashtag\/%C3%9AltimoMinuto?src=hash&amp;ref_src=twsrc%5Etfw\">#\u00daltimoMinuto<\/a><br>El titular de la Consejer\u00eda Jur\u00eddica del <a href=\"https:\/\/twitter.com\/GobOax?ref_src=twsrc%5Etfw\">@goboax<\/a>, <a href=\"https:\/\/twitter.com\/geovanyvasquez?ref_src=twsrc%5Etfw\">@geovanyvasquez<\/a>, confirma que por determinaci\u00f3n de una jueza local, emitida anoche, Juan Antonio V. C. seguir\u00e1 en prisi\u00f3n preventiva en tanto contin\u00faa el juicio por el caso de <a href=\"https:\/\/twitter.com\/_ElenaRios?ref_src=twsrc%5Etfw\">@_ElenaRios<\/a>. <a href=\"https:\/\/t.co\/1ATKoQnRX5\">pic.twitter.com\/1ATKoQnRX5<\/a><\/p>&mdash; Zona Roja Oaxaca (@ZonaRoja_Oaxaca) <a href=\"https:\/\/twitter.com\/ZonaRoja_Oaxaca\/status\/1618302853059342337?ref_src=twsrc%5Etfw\">25 de enero de 2023<\/a><\/blockquote><\/div>\n<\/div><\/figure>\n","protected":false},"excerpt":{"rendered":"<p>Yuridiana Sosa\/Zona Roja. Oaxaca de Ju\u00e1rez, Oax., 25 de enero de 2023.- Una nueva orden&hellip;<\/p>\n","protected":false},"author":2,"featured_media":50885,"comment_status":"closed","ping_status":"open","sticky":false,"template":"","format":"standard","meta":{"_lmt_disableupdate":"","_lmt_disable":"","_jetpack_memberships_contains_paid_content":false,"footnotes":""},"categories":[109,46],"tags":[],"class_list":["post-50879","post","type-post","status-publish","format-standard","has-post-thumbnail","hentry","category-minuto-a-minuto","category-zona-blanca"],"jetpack_featured_media_url":"https:\/\/zonaroja.com.mx\/wp-content\/uploads\/2023\/01\/21635381-edee-41ef-81de-9c8d05a3b52c.jpg","jetpack_sharing_enabled":true,"_links":{"self":[{"href":"https:\/\/zonaroja.com.mx\/index.php?rest_route=\/wp\/v2\/posts\/50879","targetHints":{"allow":["GET"]}}],"collection":[{"href":"https:\/\/zonaroja.com.mx\/index.php?rest_route=\/wp\/v2\/posts"}],"about":[{"href":"https:\/\/zonaroja.com.mx\/index.php?rest_route=\/wp\/v2\/types\/post"}],"author":[{"embeddable":true,"href":"https:\/\/zonaroja.com.mx\/index.php?rest_route=\/wp\/v2\/users\/2"}],"replies":[{"embeddable":true,"href":"https:\/\/zonaroja.com.mx\/index.php?rest_route=%2Fwp%2Fv2%2Fcomments&post=50879"}],"version-history":[{"count":2,"href":"https:\/\/zonaroja.com.mx\/index.php?rest_route=\/wp\/v2\/posts\/50879\/revisions"}],"predecessor-version":[{"id":50886,"href":"https:\/\/zonaroja.com.mx\/index.php?rest_route=\/wp\/v2\/posts\/50879\/revisions\/50886"}],"wp:featuredmedia":[{"embeddable":true,"href":"https:\/\/zonaroja.com.mx\/index.php?rest_route=\/wp\/v2\/media\/50885"}],"wp:attachment":[{"href":"https:\/\/zonaroja.com.mx\/index.php?rest_route=%2Fwp%2Fv2%2Fmedia&parent=50879"}],"wp:term":[{"taxonomy":"category","embeddable":true,"href":"https:\/\/zonaroja.com.mx\/index.php?rest_route=%2Fwp%2Fv2%2Fcategories&post=50879"},{"taxonomy":"post_tag","embeddable":true,"href":"https:\/\/zonaroja.com.mx\/index.php?rest_route=%2Fwp%2Fv2%2Ftags&post=50879"}],"curies":[{"name":"wp","href":"https:\/\/api.w.org\/{rel}","templated":true}]}}