{"id":50883,"date":"2023-01-25T08:07:45","date_gmt":"2023-01-25T14:07:45","guid":{"rendered":"http:\/\/www.zonaroja.com.mx\/?p=50883"},"modified":"2023-01-25T08:07:47","modified_gmt":"2023-01-25T14:07:47","slug":"crimen-se-sigue-imponiendo-en-mexico-asesinatos-en-chihuahua-edomex-morelos","status":"publish","type":"post","link":"https:\/\/zonaroja.com.mx\/?p=50883","title":{"rendered":"Crimen se sigue imponiendo en M\u00e9xico: asesinatos en Chihuahua, Edomex, Morelos\u2026"},"content":{"rendered":"\n<p>Redacci\u00f3n\/Zona Roja Cdmx.<\/p>\n\n\n\n<p>Ciudad de M\u00e9xico, a 25 de noviembre de 2022.- El crimen se sigue ensa\u00f1ando con M\u00e9xico y el martes no fue la excepci\u00f3n.<\/p>\n\n\n\n<p>En Ciudad Ju\u00e1rez, Chihuahua, anoche fueron ejecutadas tres personas, dos de ellas mujeres y una de las cuales es una menor de edad.<\/p>\n\n\n\n<p>Mientras que en Los Reyes La Paz, Estado de M\u00e9xico, ayer por la tarde fue ultimado a balazos un elemento de la Secretar\u00eda de Seguridad del Estado.<\/p>\n\n\n\n<p>Fue en la calle Cedros de la colonia Valle de Los Pinos en que ultimaron al integrante de la Direcci\u00f3n General de Combate al Robo de Veh\u00edculos y Transporte.<\/p>\n\n\n\n<p>Mientras que en Morelos, en las \u00faltimas 24 horas se registraron al menos tres ejecuciones, presuntamente por parte del crimen organizado.<\/p>\n\n\n\n<p>Uno de ellos&nbsp;en el municipio de Jiutepec, otro en Amacuzac y otro en el municipio de Coatl\u00e1n del R\u00edo, sur poniente del estado, fue asesinada una mujer.<\/p>\n\n\n\n<p>En tanto que en Zacatecas, ayer casi al mediod\u00eda fue asesinado un elemento de la Polic\u00eda de Investigaci\u00f3n, dependiente de la Fiscal\u00eda General de Justicia.<\/p>\n\n\n\n<p>La agresi\u00f3n contra Gaspar Nieto ocurri\u00f3 en comunidad de Estaci\u00f3n San Jos\u00e9, a la altura de las v\u00edas del tren.<\/p>\n\n\n\n<p>Tambi\u00e9n en Playas de Rosarito, Baja California, fue ultimado Roberto Geovany Drew Cort\u00e9s, jefe de la secci\u00f3n tur\u00edstica de la secretar\u00eda de seguridad p\u00fablica municipal.<\/p>\n\n\n\n<p>Mientras que en Chiapas, el presidente de la Asociaci\u00f3n Mexicana de Hoteles de Comit\u00e1n, Samuel Garc\u00eda Velasco, ejecutado a balazos.<\/p>\n","protected":false},"excerpt":{"rendered":"<p>Redacci\u00f3n\/Zona Roja Cdmx. Ciudad de M\u00e9xico, a 25 de noviembre de 2022.- El crimen se&hellip;<\/p>\n","protected":false},"author":2,"featured_media":48309,"comment_status":"closed","ping_status":"open","sticky":false,"template":"","format":"standard","meta":{"_lmt_disableupdate":"","_lmt_disable":"","_jetpack_memberships_contains_paid_content":false,"footnotes":""},"categories":[109,51],"tags":[1746],"class_list":["post-50883","post","type-post","status-publish","format-standard","has-post-thumbnail","hentry","category-minuto-a-minuto","category-zona-roja","tag-violencia-en-mexico"],"jetpack_featured_media_url":"https:\/\/zonaroja.com.mx\/wp-content\/uploads\/2022\/11\/Escena-crimen-violencia-homicidio.jpg","jetpack_sharing_enabled":true,"_links":{"self":[{"href":"https:\/\/zonaroja.com.mx\/index.php?rest_route=\/wp\/v2\/posts\/50883","targetHints":{"allow":["GET"]}}],"collection":[{"href":"https:\/\/zonaroja.com.mx\/index.php?rest_route=\/wp\/v2\/posts"}],"about":[{"href":"https:\/\/zonaroja.com.mx\/index.php?rest_route=\/wp\/v2\/types\/post"}],"author":[{"embeddable":true,"href":"https:\/\/zonaroja.com.mx\/index.php?rest_route=\/wp\/v2\/users\/2"}],"replies":[{"embeddable":true,"href":"https:\/\/zonaroja.com.mx\/index.php?rest_route=%2Fwp%2Fv2%2Fcomments&post=50883"}],"version-history":[{"count":1,"href":"https:\/\/zonaroja.com.mx\/index.php?rest_route=\/wp\/v2\/posts\/50883\/revisions"}],"predecessor-version":[{"id":50884,"href":"https:\/\/zonaroja.com.mx\/index.php?rest_route=\/wp\/v2\/posts\/50883\/revisions\/50884"}],"wp:featuredmedia":[{"embeddable":true,"href":"https:\/\/zonaroja.com.mx\/index.php?rest_route=\/wp\/v2\/media\/48309"}],"wp:attachment":[{"href":"https:\/\/zonaroja.com.mx\/index.php?rest_route=%2Fwp%2Fv2%2Fmedia&parent=50883"}],"wp:term":[{"taxonomy":"category","embeddable":true,"href":"https:\/\/zonaroja.com.mx\/index.php?rest_route=%2Fwp%2Fv2%2Fcategories&post=50883"},{"taxonomy":"post_tag","embeddable":true,"href":"https:\/\/zonaroja.com.mx\/index.php?rest_route=%2Fwp%2Fv2%2Ftags&post=50883"}],"curies":[{"name":"wp","href":"https:\/\/api.w.org\/{rel}","templated":true}]}}