{"id":5089,"date":"2019-10-24T08:48:49","date_gmt":"2019-10-24T13:48:49","guid":{"rendered":"http:\/\/www.zonaroja.com.mx\/?p=5089"},"modified":"2019-10-24T08:48:52","modified_gmt":"2019-10-24T13:48:52","slug":"detienen-a-edil-de-jalapa-de-diaz-y-a-jefes-policiacos-por-presuntos-delitos","status":"publish","type":"post","link":"https:\/\/zonaroja.com.mx\/?p=5089","title":{"rendered":"Detienen a edil de Jalapa de D\u00edaz y a jefes policiacos, por presuntos delitos"},"content":{"rendered":"\n<p>Ismael Garc\u00eda M.\/Zona Roja.<\/p>\n\n\n\n<p>Oaxaca de Ju\u00e1rez, Oax., 24 de octubre\nde 2019.- El presidente municipal de San Felipe Jalapa de D\u00edaz, Arturo Garc\u00eda\nVel\u00e1squez, y mandos policiacos fueron aprehendidos la madrugada de hoy.<\/p>\n\n\n\n<p>De acuerdo con reportes preliminares de\nla Polic\u00eda Estatal y confirmaci\u00f3n de la Vicefiscal\u00eda Regional de la Cuenca, la\nmadrugada de este jueves se efectu\u00f3 un operativo conjunto para dar cumplimiento\na diversas \u00f3rdenes de cateo.<\/p>\n\n\n\n<p>Participaron corporaciones de la\nAgencia Estatal de Investigaciones, de la Polic\u00eda Estatal y de la Guardia\nNacional, entre otros.<\/p>\n\n\n\n<p>Presuntamente est\u00e1n relacionados con\nvarios delitos, entre ellos desaparici\u00f3n de personas y son al menos 11 personas\ndetenidas, que fueron puestas a disposici\u00f3n del Ministerio P\u00fablico.<\/p>\n\n\n\n<p>De acuerdo con el peri\u00f3dico \u201cEl Pi\u00f1ero\nde la Cuenca\u201d, la diputada federal por Morena, Irma Juan Carlos, confirm\u00f3 la\ndetenci\u00f3n a trav\u00e9s de la red social Facebook, y responsabiliz\u00f3 al Gobierno del\nEstado de la integridad f\u00edsica del edil.<\/p>\n","protected":false},"excerpt":{"rendered":"<p>Ismael Garc\u00eda M.\/Zona Roja. Oaxaca de Ju\u00e1rez, Oax., 24 de octubre de 2019.- El presidente&hellip;<\/p>\n","protected":false},"author":2,"featured_media":5090,"comment_status":"closed","ping_status":"open","sticky":false,"template":"","format":"standard","meta":{"_lmt_disableupdate":"","_lmt_disable":"","_jetpack_memberships_contains_paid_content":false,"footnotes":""},"categories":[109,51],"tags":[580],"class_list":["post-5089","post","type-post","status-publish","format-standard","has-post-thumbnail","hentry","category-minuto-a-minuto","category-zona-roja","tag-san-felipe-jalapa-de-diaz"],"jetpack_featured_media_url":"https:\/\/zonaroja.com.mx\/wp-content\/uploads\/2019\/10\/Cateo-Jalapa-de-D\u00edaz.png","jetpack_sharing_enabled":true,"_links":{"self":[{"href":"https:\/\/zonaroja.com.mx\/index.php?rest_route=\/wp\/v2\/posts\/5089","targetHints":{"allow":["GET"]}}],"collection":[{"href":"https:\/\/zonaroja.com.mx\/index.php?rest_route=\/wp\/v2\/posts"}],"about":[{"href":"https:\/\/zonaroja.com.mx\/index.php?rest_route=\/wp\/v2\/types\/post"}],"author":[{"embeddable":true,"href":"https:\/\/zonaroja.com.mx\/index.php?rest_route=\/wp\/v2\/users\/2"}],"replies":[{"embeddable":true,"href":"https:\/\/zonaroja.com.mx\/index.php?rest_route=%2Fwp%2Fv2%2Fcomments&post=5089"}],"version-history":[{"count":1,"href":"https:\/\/zonaroja.com.mx\/index.php?rest_route=\/wp\/v2\/posts\/5089\/revisions"}],"predecessor-version":[{"id":5091,"href":"https:\/\/zonaroja.com.mx\/index.php?rest_route=\/wp\/v2\/posts\/5089\/revisions\/5091"}],"wp:featuredmedia":[{"embeddable":true,"href":"https:\/\/zonaroja.com.mx\/index.php?rest_route=\/wp\/v2\/media\/5090"}],"wp:attachment":[{"href":"https:\/\/zonaroja.com.mx\/index.php?rest_route=%2Fwp%2Fv2%2Fmedia&parent=5089"}],"wp:term":[{"taxonomy":"category","embeddable":true,"href":"https:\/\/zonaroja.com.mx\/index.php?rest_route=%2Fwp%2Fv2%2Fcategories&post=5089"},{"taxonomy":"post_tag","embeddable":true,"href":"https:\/\/zonaroja.com.mx\/index.php?rest_route=%2Fwp%2Fv2%2Ftags&post=5089"}],"curies":[{"name":"wp","href":"https:\/\/api.w.org\/{rel}","templated":true}]}}