{"id":50891,"date":"2023-01-25T19:26:36","date_gmt":"2023-01-26T01:26:36","guid":{"rendered":"http:\/\/www.zonaroja.com.mx\/?p=50891"},"modified":"2023-01-25T20:13:31","modified_gmt":"2023-01-26T02:13:31","slug":"registra-oaxaca-tres-ejecutados-a-balazos-en-menos-de-12-horas","status":"publish","type":"post","link":"https:\/\/zonaroja.com.mx\/?p=50891","title":{"rendered":"Registra Oaxaca cuatro ejecutados a balazos en menos de 24 horas"},"content":{"rendered":"\n<p>Ismael Garc\u00eda M.\/Zona Roja.<\/p>\n\n\n\n<p>Oaxaca de Ju\u00e1rez, Oax., a 25 de enero de 2023.- En menos de 24 horas, cuatro personas fueron ejecutadas a balazos en Oaxaca y en un caso los sicarios ingresaron a un hospital p\u00fablico para rematar a un individuo.<\/p>\n\n\n\n<p>Esta noche en el fraccionamiento Infonavit Primera Etapa de la ciudad de Oaxaca, un individuo fue ultimado a balazos. <\/p>\n\n\n\n<p>Personal de la Cruz Roja Mexicana arrib\u00f3 al sitio para atender a la v\u00edctima, pero corrobor\u00f3 que ya no contaba con signos vitales; seg\u00fan datos preliminares, respondi\u00f3 en vida al nombre de Fernando G. H. L., de 27 a\u00f1os de edad.<\/p>\n\n\n\n<p>Alrededor del mediod\u00eda de hoy, en la calle Camino Antiguo a Cuil\u00e1pam esquina con Genaro V\u00e1squez de Santa Cruz Xoxocotl\u00e1n, fueron ultimados a balazos dos individuos; pese a ser una zona cercana a una unidad deportiva y una escuela, as\u00ed como a unas cuadras del palacio municipal, no hab\u00eda polic\u00edas en la zona.<\/p>\n\n\n\n<p>Los uniformados se activaron tras los disparos de arma de fuego pero de manera descoordinada buscaron por todos los sitios sin resultados positivos.<\/p>\n\n\n\n<p>Las v\u00edctimas fueron identificadas de manera preliminar Rey J. B. A. y Jorge C. C. P.<\/p>\n\n\n\n<p>Horas antes, durante la madrugada, sujetos armados ingresaron al Hospital General de San Pedro Pochutla, para rematar a un individuo que d\u00edas antes hab\u00eda sido emboscado y lesionado a balazos.<\/p>\n\n\n\n<p>La v\u00edctima fue identificada como \u00c9rick Daniel B. J.; hasta el momento no hay personas detenidas y se desconoce el m\u00f3vil de la agresi\u00f3n y posterior asesinato.<\/p>\n\n\n\n<p>Por otra parte, el pasado lunes falleci\u00f3 en un hospital una persona de la comunidad de la diversidad sexual, que fue atacada con arma blanca en la ciudad de Oaxaca, el pasado 17 de enero.<\/p>\n\n\n\n<p>La v\u00edctima respondi\u00f3 en vida al nombre de Marcelino M. S., de 53 a\u00f1os de edad y tampoco hay personas detenidas por este crimen; fue agredido cuando se hallaba sobre el Perif\u00e9rico, en inmediaciones del Mercado de Abasto.<\/p>\n\n\n\n<figure class=\"wp-block-embed is-type-rich is-provider-twitter wp-block-embed-twitter\"><div class=\"wp-block-embed__wrapper\">\n<div class=\"twitter-tweet\"><blockquote class=\"twitter-tweet\" data-lang=\"es\"><p lang=\"es\" dir=\"ltr\"><a href=\"https:\/\/twitter.com\/hashtag\/%C3%9AltimoMinuto?src=hash&amp;ref_src=twsrc%5Etfw\">#\u00daltimoMinuto<\/a><br>Dos personas fueron ejecutadas a balazos este mediod\u00eda en la calle Camino Antiguo a Cuil\u00e1pam, en el centro de Santa Cruz Xoxocotl\u00e1n, Oaxaca. <br>Fue cerca de un plantel educativo y canchas deportivas, a escasas cuadras del palacio municipal. <a href=\"https:\/\/t.co\/PwJHyZRxsN\">pic.twitter.com\/PwJHyZRxsN<\/a><\/p>&mdash; Zona Roja Oaxaca (@ZonaRoja_Oaxaca) <a href=\"https:\/\/twitter.com\/ZonaRoja_Oaxaca\/status\/1618315666964242432?ref_src=twsrc%5Etfw\">25 de enero de 2023<\/a><\/blockquote><\/div>\n<\/div><\/figure>\n","protected":false},"excerpt":{"rendered":"<p>Ismael Garc\u00eda M.\/Zona Roja. Oaxaca de Ju\u00e1rez, Oax., a 25 de enero de 2023.- En&hellip;<\/p>\n","protected":false},"author":2,"featured_media":50892,"comment_status":"closed","ping_status":"open","sticky":false,"template":"","format":"standard","meta":{"_lmt_disableupdate":"","_lmt_disable":"","_jetpack_memberships_contains_paid_content":false,"footnotes":""},"categories":[109,51],"tags":[133],"class_list":["post-50891","post","type-post","status-publish","format-standard","has-post-thumbnail","hentry","category-minuto-a-minuto","category-zona-roja","tag-santa-cruz-xoxocotlan"],"jetpack_featured_media_url":"https:\/\/zonaroja.com.mx\/wp-content\/uploads\/2023\/01\/Ejecutados-Santa-Cruz-Xoxocotlan.jpg","jetpack_sharing_enabled":true,"_links":{"self":[{"href":"https:\/\/zonaroja.com.mx\/index.php?rest_route=\/wp\/v2\/posts\/50891","targetHints":{"allow":["GET"]}}],"collection":[{"href":"https:\/\/zonaroja.com.mx\/index.php?rest_route=\/wp\/v2\/posts"}],"about":[{"href":"https:\/\/zonaroja.com.mx\/index.php?rest_route=\/wp\/v2\/types\/post"}],"author":[{"embeddable":true,"href":"https:\/\/zonaroja.com.mx\/index.php?rest_route=\/wp\/v2\/users\/2"}],"replies":[{"embeddable":true,"href":"https:\/\/zonaroja.com.mx\/index.php?rest_route=%2Fwp%2Fv2%2Fcomments&post=50891"}],"version-history":[{"count":2,"href":"https:\/\/zonaroja.com.mx\/index.php?rest_route=\/wp\/v2\/posts\/50891\/revisions"}],"predecessor-version":[{"id":50894,"href":"https:\/\/zonaroja.com.mx\/index.php?rest_route=\/wp\/v2\/posts\/50891\/revisions\/50894"}],"wp:featuredmedia":[{"embeddable":true,"href":"https:\/\/zonaroja.com.mx\/index.php?rest_route=\/wp\/v2\/media\/50892"}],"wp:attachment":[{"href":"https:\/\/zonaroja.com.mx\/index.php?rest_route=%2Fwp%2Fv2%2Fmedia&parent=50891"}],"wp:term":[{"taxonomy":"category","embeddable":true,"href":"https:\/\/zonaroja.com.mx\/index.php?rest_route=%2Fwp%2Fv2%2Fcategories&post=50891"},{"taxonomy":"post_tag","embeddable":true,"href":"https:\/\/zonaroja.com.mx\/index.php?rest_route=%2Fwp%2Fv2%2Ftags&post=50891"}],"curies":[{"name":"wp","href":"https:\/\/api.w.org\/{rel}","templated":true}]}}