{"id":50898,"date":"2023-01-26T07:00:55","date_gmt":"2023-01-26T13:00:55","guid":{"rendered":"http:\/\/www.zonaroja.com.mx\/?p=50898"},"modified":"2023-01-26T07:01:17","modified_gmt":"2023-01-26T13:01:17","slug":"era-maestra-de-la-seccion-22-mujer-asesinada-en-la-ciudad-de-oaxaca","status":"publish","type":"post","link":"https:\/\/zonaroja.com.mx\/?p=50898","title":{"rendered":"Era maestra de la Secci\u00f3n 22, mujer asesinada en la ciudad de Oaxaca"},"content":{"rendered":"\n<p>David Ju\u00e1rez\/Zona Roja.<\/p>\n\n\n\n<p>Oaxaca de Ju\u00e1rez, Oax., a 26 de enero de 2023.- La mujer atacada a tiros el domingo pasado en un domicilio de la colonia Santa Anita, de San Juan Chapultepec, ciudad de Oaxaca, y que perdi\u00f3 la vida cuando era trasladada a un hospital por sus familiares, era una maestra militante de la Secci\u00f3n 22 del Sindicato Nacional de Trabajadores de la Educaci\u00f3n (SNTE), identificada como Janet Garc\u00eda Hern\u00e1ndez, de 42 a\u00f1os de edad.<\/p>\n\n\n\n<p>Ante ello, el gremio de maestros demand\u00f3 una investigaci\u00f3n eficiente y la detenci\u00f3n inmediata del o los responsables de los hechos, pues, de lo contrario, no descart\u00f3 la realizaci\u00f3n de protestas callejeras.<\/p>\n\n\n\n<p>La docente permanec\u00eda adscrita a la Zona Escolar N\u00famero 133 de Cruz Blanca, perteneciente a Cuil\u00e1pam de Guerrero, en los Valles Centrales, y tambi\u00e9n era integrante del Nivel de Educaci\u00f3n de los Pueblos Originarios de Oaxaca.<\/p>\n\n\n\n<p>\u00abA nombre del Movimiento Democr\u00e1tico de los Trabajadores de la Educaci\u00f3n de Oaxaca (MDTEO) exigimos al Gobierno del Estado, a la Fiscal\u00eda General de Oaxaca y al Gobierno Municipal de Oaxaca de Ju\u00e1rez dar con los responsables materiales e intelectuales de este hecho cobarde que deja luto en la familia de nuestra compa\u00f1era\u00bb, demand\u00f3 la Secci\u00f3n 22, en un pronunciamiento.<\/p>\n\n\n\n<p>\u00abExigimos de manera en\u00e9rgica castigo a los responsables, al tiempo que advertimos que nuestra exigencia en las calles no est\u00e1 descartada si las autoridades no dan con el paradero del o los autores de este asesinato que enluta a las filas de nuestra Secci\u00f3n 22 de la CNTE\u00bb, agreg\u00f3.<\/p>\n\n\n\n<p>La ma\u00f1ana de ayer mi\u00e9rcoles integrantes del sindicato oaxaque\u00f1os realizaron un homenaje de cuerpo presente, donde, ante familiares, allegados y alumnos, reiteraron sus demandas de justicia.<\/p>\n\n\n\n<p>\u00abLa ola de violencia y asesinatos que se vive en el estado de Oaxaca sigue afectando a diversos sectores, dentro de ellos a los maestros y maestras dejando p\u00e9rdidas irreparables para las familias que atraviesan por esta situaci\u00f3n tan lamentable, reiter\u00f3 la organizaci\u00f3n.<\/p>\n\n\n\n<p>\u00abAunado a este clima, se suma la violencia constante hacia las mujeres que arroja cifras rojas en las que se incluyen asesinatos de nuestras compa\u00f1eras maestras, trabajadoras de la educaci\u00f3n de Oaxaca, sin que hasta la fecha se hayan esclarecido a partir de la inoperancia del sistema de justicia oaxaque\u00f1o\u00bb, conden\u00f3.<\/p>\n\n\n\n<p>Los hechos que cobraron la vida de la maestra ocurrieron la noche del domingo sobre la calle de Agust\u00edn Melgar de la colonia Santa Anita, en la agencia de San Juan Chapultepec, cuando fue atacada a balazos por sujetos desconocidos.<\/p>\n\n\n\n<p>La mujer fue trasladada por sus propios familiares a una cl\u00ednica particular, pero en la calle Ni\u00f1os H\u00e9roes del barrio Ex Marquesado, detectaron que ya no contaba con signos vitales, por lo cual la bajaron a la banqueta.<\/p>\n\n\n\n<p>En ese momento, la v\u00edctima fue identificada como Janeth Garc\u00eda Hern\u00e1ndez, de 42 a\u00f1os de edad.<\/p>\n\n\n\n<figure class=\"wp-block-embed is-type-rich is-provider-twitter wp-block-embed-twitter\"><div class=\"wp-block-embed__wrapper\">\n<div class=\"twitter-tweet\"><blockquote class=\"twitter-tweet\" data-lang=\"es\"><p lang=\"es\" dir=\"ltr\">La Secci\u00f3n XXII de la CNTE exige al <a href=\"https:\/\/twitter.com\/GobOax?ref_src=twsrc%5Etfw\">@GobOax<\/a> <a href=\"https:\/\/twitter.com\/FISCALIA_GobOax?ref_src=twsrc%5Etfw\">@FISCALIA_GobOax<\/a>  y al <a href=\"https:\/\/twitter.com\/MunicipioOaxaca?ref_src=twsrc%5Etfw\">@MunicipioOaxaca<\/a> castigo a los responsables del asesinato de nuestra compa\u00f1era Janett Garc\u00eda Hern\u00e1ndez.<br>*CENCOS XXII-PRENSA Y PROPAGANDA* <a href=\"https:\/\/t.co\/DUi2scgQUd\">pic.twitter.com\/DUi2scgQUd<\/a><\/p>&mdash; Cencos22 (@Seccion22Cencos) <a href=\"https:\/\/twitter.com\/Seccion22Cencos\/status\/1618281629331656704?ref_src=twsrc%5Etfw\">25 de enero de 2023<\/a><\/blockquote><\/div>\n<\/div><\/figure>\n","protected":false},"excerpt":{"rendered":"<p>David Ju\u00e1rez\/Zona Roja. Oaxaca de Ju\u00e1rez, Oax., a 26 de enero de 2023.- La mujer&hellip;<\/p>\n","protected":false},"author":2,"featured_media":50899,"comment_status":"closed","ping_status":"open","sticky":false,"template":"","format":"standard","meta":{"_lmt_disableupdate":"","_lmt_disable":"","_jetpack_memberships_contains_paid_content":false,"footnotes":""},"categories":[109,47],"tags":[312],"class_list":["post-50898","post","type-post","status-publish","format-standard","has-post-thumbnail","hentry","category-minuto-a-minuto","category-zona-gris","tag-seccion-22-del-snte"],"jetpack_featured_media_url":"https:\/\/zonaroja.com.mx\/wp-content\/uploads\/2023\/01\/Maestra-asesinada-ciudad-de-Oaxaca.jpg","jetpack_sharing_enabled":true,"_links":{"self":[{"href":"https:\/\/zonaroja.com.mx\/index.php?rest_route=\/wp\/v2\/posts\/50898","targetHints":{"allow":["GET"]}}],"collection":[{"href":"https:\/\/zonaroja.com.mx\/index.php?rest_route=\/wp\/v2\/posts"}],"about":[{"href":"https:\/\/zonaroja.com.mx\/index.php?rest_route=\/wp\/v2\/types\/post"}],"author":[{"embeddable":true,"href":"https:\/\/zonaroja.com.mx\/index.php?rest_route=\/wp\/v2\/users\/2"}],"replies":[{"embeddable":true,"href":"https:\/\/zonaroja.com.mx\/index.php?rest_route=%2Fwp%2Fv2%2Fcomments&post=50898"}],"version-history":[{"count":2,"href":"https:\/\/zonaroja.com.mx\/index.php?rest_route=\/wp\/v2\/posts\/50898\/revisions"}],"predecessor-version":[{"id":50901,"href":"https:\/\/zonaroja.com.mx\/index.php?rest_route=\/wp\/v2\/posts\/50898\/revisions\/50901"}],"wp:featuredmedia":[{"embeddable":true,"href":"https:\/\/zonaroja.com.mx\/index.php?rest_route=\/wp\/v2\/media\/50899"}],"wp:attachment":[{"href":"https:\/\/zonaroja.com.mx\/index.php?rest_route=%2Fwp%2Fv2%2Fmedia&parent=50898"}],"wp:term":[{"taxonomy":"category","embeddable":true,"href":"https:\/\/zonaroja.com.mx\/index.php?rest_route=%2Fwp%2Fv2%2Fcategories&post=50898"},{"taxonomy":"post_tag","embeddable":true,"href":"https:\/\/zonaroja.com.mx\/index.php?rest_route=%2Fwp%2Fv2%2Ftags&post=50898"}],"curies":[{"name":"wp","href":"https:\/\/api.w.org\/{rel}","templated":true}]}}