{"id":50902,"date":"2023-01-26T13:05:00","date_gmt":"2023-01-26T19:05:00","guid":{"rendered":"http:\/\/www.zonaroja.com.mx\/?p=50902"},"modified":"2023-01-26T07:11:36","modified_gmt":"2023-01-26T13:11:36","slug":"con-sheinbaum-van-1766-accidentes-y-fallas-en-servicio-del-metro","status":"publish","type":"post","link":"https:\/\/zonaroja.com.mx\/?p=50902","title":{"rendered":"Con Sheinbaum, van 1,766 accidentes y fallas en servicio del Metro"},"content":{"rendered":"\n<p>Redacci\u00f3n\/Zona Roja Cdmx.<\/p>\n\n\n\n<p>Ciudad de M\u00e9xico, a 26 de enero de 2023.- El Metro de la Ciudad de M\u00e9xico registr\u00f3 mil 766 fallas y accidentes, entre enero de 2020 y junio de 2022, que provocaron la suspensi\u00f3n del servicio, as\u00ed como el desalojo de trenes o instalaciones, revelan cifras oficiales del sistema. Se trata de un promedio de dos casos por d\u00eda.<\/p>\n\n\n\n<p>Algunos de los percances m\u00e1s graves ocurridos en ese lapso del gobierno de Claudia Sheinbaum son los choques entre trenes y el desplome de un tramo de la L\u00ednea 12, hechos que mataron a 29 personas (en la historia del Metro ha habido 60 fallecidos) y provocado lesiones a cientos de usuarios.<\/p>\n\n\n\n<p>Otros tienen que ver con cortocircuitos, que se generan por la ca\u00edda de objetos a las v\u00edas, o por fallas propias del sistema, tanto en instalaciones como en alguno de los 270 trenes que diariamente recorren las 12 l\u00edneas.<\/p>\n\n\n\n<p>El lunes, hubo dos casos en la L\u00ednea 7, ambos atribuibles a causas propias del Metro. En la estaci\u00f3n Barranca del Muerto hubo un cortocircuito al desprenderse un cable y en la estaci\u00f3n El Rosario un tren se lade\u00f3 por fallas en las v\u00edas.<\/p>\n\n\n\n<p>Autoridades del Metro reconocen un incremento en el n\u00famero de eventos con relaci\u00f3n a otros a\u00f1os, pero no tienen estad\u00edsticas disponibles sobre fallas en la actual y pasadas administraciones.<\/p>\n\n\n\n<p>El lunes, Guillermo Calder\u00f3n, director del Metro, fue cuestionado al respecto. \u201cEn breve vamos a presentar esas estad\u00edsticas, lo que s\u00ed es que hay un alza de estos episodios y, adem\u00e1s, una intensidad\u201d, refiri\u00f3.<\/p>\n\n\n\n<p>Jorge Gavi\u00f1o, exdirector del Metro y actual integrante del Consejo Consultor de ese sistema de transporte, plante\u00f3 al \u201cEl Financiero\u201d la necesidad de revisar cuidadosamente ese \u201cincremento exponencial\u201d de incidentes en el Sistema de Transporte Colectivo (STC).<\/p>\n\n\n\n<p>\u201cLos incidentes s\u00ed han venido aumentando muy exponencialmente y eso hace pensar que est\u00e1n factores ex\u00f3genos causando algunos de ellos, no todos, pero algunos s\u00ed, y eso es lo que se tiene que estudiar de manera cuidadosa\u201d, asegur\u00f3 exdirector.<\/p>\n\n\n\n<p>Estim\u00f3 que lo que se necesita en el Metro es fortalecer y revisar de una manera cabal los sistemas de seguridad.<\/p>\n\n\n\n<p>\u201cSiempre habr\u00e1 temas de cortocircuito por causas de ca\u00eddas de objetos a las v\u00edas. Eso va a seguir pasando, lo importante es que no cause lesiones y no ponga en riesgo a las personas\u201d, asegur\u00f3.<\/p>\n\n\n\n<p>En respuesta a solicitudes de informaci\u00f3n, v\u00eda transparencia, el STC reconoce que de enero de 2020 a junio de 2022 se han registrado en el Metro mil 766 eventos por los que se suspendi\u00f3 el servicio y\/o se desaloj\u00f3 las instalaciones.<\/p>\n\n\n\n<p>Se trata de un promedio de dos eventos diarios. Las l\u00edneas con mayor n\u00famero de eventos son la A, que corre de Pantitl\u00e1n a La Paz, con 390; seguida de la L\u00ednea 8, que corre de Constituci\u00f3n de 1917 a Garibaldi, con 288.<\/p>\n\n\n\n<p>En la L\u00ednea 1 que va de Pantitl\u00e1n a Observatorio, ocurrieron 234 casos, y en la L\u00ednea 3, de Indios Verdes a Universidad, han ocurrido 217.<\/p>\n\n\n\n<p>Fue en esta \u00faltima l\u00ednea donde han ocurrido los casos m\u00e1s sonados de los \u00faltimos d\u00edas. El 8 de enero dos trenes chocaron en la intersecci\u00f3n Potrero-La Raza, con saldo de una persona muerta y m\u00e1s de 100 heridos.<\/p>\n\n\n\n<p>En otra respuesta de transparencia, el Metro hizo un comparativo de estos eventos en el periodo enero-mayo. En ese lapso de 2022 hubo 257 fallas en toda la red mientras que en el mismo periodo de 2021 fueron 204.<\/p>\n\n\n\n<p>Pese a las fallas y su incremento, para Jorge Gavi\u00f1o la Ciudad de M\u00e9xico tiene un Metro seguro. Pidi\u00f3, adem\u00e1s, no politizar este tema, a la luz de la elecci\u00f3n presidencial de 2024.<\/p>\n\n\n\n<p>\u201cEl responsable del funcionamiento del Metro es el propio Metro, sus servidores p\u00fablicos, no el Presidente ni la jefa de Gobierno; el funcionamiento del Metro es responsabilidad de los trabajadores, de su director y su Consejo Directivo\u201d, concluy\u00f3.<\/p>\n\n\n\n<p>(Informaci\u00f3n de \u201cEl Financiero\u201d)<\/p>\n","protected":false},"excerpt":{"rendered":"<p>Redacci\u00f3n\/Zona Roja Cdmx. Ciudad de M\u00e9xico, a 26 de enero de 2023.- El Metro de&hellip;<\/p>\n","protected":false},"author":2,"featured_media":26827,"comment_status":"closed","ping_status":"open","sticky":false,"template":"","format":"standard","meta":{"_lmt_disableupdate":"","_lmt_disable":"","_jetpack_memberships_contains_paid_content":false,"footnotes":""},"categories":[109,47],"tags":[3370,2652],"class_list":["post-50902","post","type-post","status-publish","format-standard","has-post-thumbnail","hentry","category-minuto-a-minuto","category-zona-gris","tag-claudia-sheinbaum","tag-metro-ciudad-de-mexico"],"jetpack_featured_media_url":"https:\/\/zonaroja.com.mx\/wp-content\/uploads\/2021\/05\/Tragedia-Metro-ciudad-de-Mexico.jpg","jetpack_sharing_enabled":true,"_links":{"self":[{"href":"https:\/\/zonaroja.com.mx\/index.php?rest_route=\/wp\/v2\/posts\/50902","targetHints":{"allow":["GET"]}}],"collection":[{"href":"https:\/\/zonaroja.com.mx\/index.php?rest_route=\/wp\/v2\/posts"}],"about":[{"href":"https:\/\/zonaroja.com.mx\/index.php?rest_route=\/wp\/v2\/types\/post"}],"author":[{"embeddable":true,"href":"https:\/\/zonaroja.com.mx\/index.php?rest_route=\/wp\/v2\/users\/2"}],"replies":[{"embeddable":true,"href":"https:\/\/zonaroja.com.mx\/index.php?rest_route=%2Fwp%2Fv2%2Fcomments&post=50902"}],"version-history":[{"count":1,"href":"https:\/\/zonaroja.com.mx\/index.php?rest_route=\/wp\/v2\/posts\/50902\/revisions"}],"predecessor-version":[{"id":50903,"href":"https:\/\/zonaroja.com.mx\/index.php?rest_route=\/wp\/v2\/posts\/50902\/revisions\/50903"}],"wp:featuredmedia":[{"embeddable":true,"href":"https:\/\/zonaroja.com.mx\/index.php?rest_route=\/wp\/v2\/media\/26827"}],"wp:attachment":[{"href":"https:\/\/zonaroja.com.mx\/index.php?rest_route=%2Fwp%2Fv2%2Fmedia&parent=50902"}],"wp:term":[{"taxonomy":"category","embeddable":true,"href":"https:\/\/zonaroja.com.mx\/index.php?rest_route=%2Fwp%2Fv2%2Fcategories&post=50902"},{"taxonomy":"post_tag","embeddable":true,"href":"https:\/\/zonaroja.com.mx\/index.php?rest_route=%2Fwp%2Fv2%2Ftags&post=50902"}],"curies":[{"name":"wp","href":"https:\/\/api.w.org\/{rel}","templated":true}]}}