{"id":50909,"date":"2023-01-26T07:28:16","date_gmt":"2023-01-26T13:28:16","guid":{"rendered":"http:\/\/www.zonaroja.com.mx\/?p=50909"},"modified":"2023-01-26T07:28:19","modified_gmt":"2023-01-26T13:28:19","slug":"lamentan-feministas-decision-del-congreso-de-oaxaca-en-eleccion-de-fiscal","status":"publish","type":"post","link":"https:\/\/zonaroja.com.mx\/?p=50909","title":{"rendered":"Lamentan feministas decisi\u00f3n del Congreso de Oaxaca en elecci\u00f3n de fiscal"},"content":{"rendered":"\n<p>Ismael Garc\u00eda M.\/Zona Roja.<\/p>\n\n\n\n<p>Oaxaca de Ju\u00e1rez, Oax., a 26 de enero de 2023.- Tras la sesi\u00f3n extraordinaria en que se eligi\u00f3 a Bernardo Rodr\u00edguez Alamilla como nuevo titular de la Fiscal\u00eda General del Estado, organismos civiles y feministas lamentaron la falta de sensibilidad del Congreso del Estado al haber decidido por \u201cuna persona sin el perfil adecuado\u201d.<\/p>\n\n\n\n<p>V\u00eda redes sociales, rechazaron la designaci\u00f3n de quien fuera presidente de la Defensor\u00eda de los Derechos Humanos del Pueblo de Oaxaca; \u201c\u00a1exigimos una Fiscal\u00eda que sirva\u201d!, se pronunciaron, a trav\u00e9s de la asociaci\u00f3n civil Consorcio.<\/p>\n\n\n\n<p>Apenas la semana pasada y tras conocerse la terna que envi\u00f3 al titular del Poder Ejecutivo, Salom\u00f3n Jara, al Poder Legislativo, emitieron un amplio pronunciamiento:<\/p>\n\n\n\n<p>Desde que se conoci\u00f3 la inscripci\u00f3n de Alamilla como aspirante a la Fiscal\u00eda, colectivos, defensoras de derechos humanos y feministas emitieron una postura contra el defensor.<\/p>\n\n\n\n<p>\u201cRechazamos la eventual designaci\u00f3n de Bernardo Rodr\u00edguez Alamilla como nuevo titular de la FGEO, ya que representa la continuidad de&nbsp; la impunidad y el desinter\u00e9s institucional de su predecesor Arturo Peimbert Calvo\u201d.<\/p>\n\n\n\n<p>\u00abPara nosotras, para quienes vivimos el d\u00eda a d\u00eda en un Estado feminicida, nos resulta fundamental la designaci\u00f3n de un Fiscal Penalista con probada experiencia en la procuraci\u00f3n de justicia y estudios; todos los anteriores han contribuido al aumento de los Feminicidios por su complicidad mediante la impunidad a trav\u00e9s de una red de complicidad de alto nivel.<\/p>\n\n\n\n<p>\u201cConsideramos que de ser ese el caso, ser\u00eda un grave error y un grave indicador de las prioridades de la \u2018Primavera oaxaque\u00f1a\u2019 al arrancar su sexenio con la designaci\u00f3n de un personaje gris, indiferente y omiso ante el dolor y la indignaci\u00f3n por el asesinato de tantas mujeres oaxaque\u00f1as.&nbsp;<\/p>\n\n\n\n<p>\u201cUn servidor p\u00fablico cuyo silencio institucional, opacidad e indiferencia marcaron su gesti\u00f3n\u201d, manifestaron en ese entonces.<\/p>\n\n\n\n<figure class=\"wp-block-embed is-type-rich is-provider-twitter wp-block-embed-twitter\"><div class=\"wp-block-embed__wrapper\">\n<div class=\"twitter-tweet\"><blockquote class=\"twitter-tweet\" data-lang=\"es\"><p lang=\"es\" dir=\"ltr\">\ud83d\udce3Lamentamos la falta de sensibilidad del <a href=\"https:\/\/twitter.com\/CongresoOaxaca_?ref_src=twsrc%5Etfw\">@CongresoOaxaca_<\/a> al haber elegido a una persona sin el perfil adecuado para ocupar la titularidad de la <a href=\"https:\/\/twitter.com\/FISCALIA_GobOax?ref_src=twsrc%5Etfw\">@FISCALIA_GobOax<\/a><a href=\"https:\/\/twitter.com\/hashtag\/BernardoRodr%C3%ADguezNo?src=hash&amp;ref_src=twsrc%5Etfw\">#BernardoRodr\u00edguezNo<\/a><a href=\"https:\/\/twitter.com\/hashtag\/PorunaFiscal%C3%ADaQueSirva?src=hash&amp;ref_src=twsrc%5Etfw\">#PorunaFiscal\u00edaQueSirva<\/a><a href=\"https:\/\/twitter.com\/GobOax?ref_src=twsrc%5Etfw\">@GobOax<\/a> <a href=\"https:\/\/twitter.com\/salomonj?ref_src=twsrc%5Etfw\">@salomonj<\/a> <a href=\"https:\/\/twitter.com\/lopezobrador_?ref_src=twsrc%5Etfw\">@lopezobrador_<\/a> <a href=\"https:\/\/twitter.com\/SEGOB_mx?ref_src=twsrc%5Etfw\">@SEGOB_mx<\/a> <a href=\"https:\/\/twitter.com\/A_Encinas_R?ref_src=twsrc%5Etfw\">@A_Encinas_R<\/a> <a href=\"https:\/\/t.co\/GT8nXKwj96\">pic.twitter.com\/GT8nXKwj96<\/a><\/p>&mdash; Consorcio Oaxaca (@consorciooaxaca) <a href=\"https:\/\/twitter.com\/consorciooaxaca\/status\/1618391960959717377?ref_src=twsrc%5Etfw\">25 de enero de 2023<\/a><\/blockquote><\/div>\n<\/div><\/figure>\n\n\n\n<p>\u00a0<\/p>\n","protected":false},"excerpt":{"rendered":"<p>Ismael Garc\u00eda M.\/Zona Roja. Oaxaca de Ju\u00e1rez, Oax., a 26 de enero de 2023.- Tras&hellip;<\/p>\n","protected":false},"author":2,"featured_media":50905,"comment_status":"closed","ping_status":"open","sticky":false,"template":"","format":"standard","meta":{"_lmt_disableupdate":"","_lmt_disable":"","_jetpack_memberships_contains_paid_content":false,"footnotes":""},"categories":[109,46],"tags":[1093],"class_list":["post-50909","post","type-post","status-publish","format-standard","has-post-thumbnail","hentry","category-minuto-a-minuto","category-zona-blanca","tag-consorcio-para-el-dialogo-oaxaca"],"jetpack_featured_media_url":"https:\/\/zonaroja.com.mx\/wp-content\/uploads\/2023\/01\/ONG-rechazan-designacion-de-Bernardo-Rodriguez.jpeg","jetpack_sharing_enabled":true,"_links":{"self":[{"href":"https:\/\/zonaroja.com.mx\/index.php?rest_route=\/wp\/v2\/posts\/50909","targetHints":{"allow":["GET"]}}],"collection":[{"href":"https:\/\/zonaroja.com.mx\/index.php?rest_route=\/wp\/v2\/posts"}],"about":[{"href":"https:\/\/zonaroja.com.mx\/index.php?rest_route=\/wp\/v2\/types\/post"}],"author":[{"embeddable":true,"href":"https:\/\/zonaroja.com.mx\/index.php?rest_route=\/wp\/v2\/users\/2"}],"replies":[{"embeddable":true,"href":"https:\/\/zonaroja.com.mx\/index.php?rest_route=%2Fwp%2Fv2%2Fcomments&post=50909"}],"version-history":[{"count":1,"href":"https:\/\/zonaroja.com.mx\/index.php?rest_route=\/wp\/v2\/posts\/50909\/revisions"}],"predecessor-version":[{"id":50910,"href":"https:\/\/zonaroja.com.mx\/index.php?rest_route=\/wp\/v2\/posts\/50909\/revisions\/50910"}],"wp:featuredmedia":[{"embeddable":true,"href":"https:\/\/zonaroja.com.mx\/index.php?rest_route=\/wp\/v2\/media\/50905"}],"wp:attachment":[{"href":"https:\/\/zonaroja.com.mx\/index.php?rest_route=%2Fwp%2Fv2%2Fmedia&parent=50909"}],"wp:term":[{"taxonomy":"category","embeddable":true,"href":"https:\/\/zonaroja.com.mx\/index.php?rest_route=%2Fwp%2Fv2%2Fcategories&post=50909"},{"taxonomy":"post_tag","embeddable":true,"href":"https:\/\/zonaroja.com.mx\/index.php?rest_route=%2Fwp%2Fv2%2Ftags&post=50909"}],"curies":[{"name":"wp","href":"https:\/\/api.w.org\/{rel}","templated":true}]}}