{"id":50911,"date":"2023-01-26T07:56:30","date_gmt":"2023-01-26T13:56:30","guid":{"rendered":"http:\/\/www.zonaroja.com.mx\/?p=50911"},"modified":"2023-01-26T07:56:32","modified_gmt":"2023-01-26T13:56:32","slug":"confirma-gobierno-de-oaxaca-dos-migrantes-fallecidos-en-tiroteo-en-eu","status":"publish","type":"post","link":"https:\/\/zonaroja.com.mx\/?p=50911","title":{"rendered":"Confirma gobierno de Oaxaca dos migrantes fallecidos en tiroteo en EU"},"content":{"rendered":"\n<p>Redacci\u00f3n\/Zona Roja. Foto: Univisi\u00f3n<\/p>\n\n\n\n<p>Oaxaca de Ju\u00e1rez, Oax., 26 de enero del 2023.- El Gobierno del Estado confirm\u00f3 que dos oaxaque\u00f1os murieron en el tiroteo ocurrido el fin de semana en localidad de Half Moon Bay, en el condado de San Mateo, California, Estados Unidos.<\/p>\n\n\n\n<p>Se trata Marciano Mart\u00ednez Jim\u00e9nez, originario de Santiago Ap\u00f3stol, Ocotl\u00e1n, de 50 a\u00f1os de edad, con 27 a\u00f1os radicando en ese pa\u00eds y que se desempe\u00f1aba como gerente de la Granja de Champi\u00f1ones \u201cConcord Farms\u201d.<\/p>\n\n\n\n<p>La segunda v\u00edctima respond\u00eda al nombre de Jos\u00e9 Romero P\u00e9rez, de 38 a\u00f1os de edad, originario de San Francisco Ozolotepec, Miahuatlan, y quien ten\u00eda un a\u00f1o y medio trabajando en los Estados Unidos.<\/p>\n\n\n\n<p>Mientras que la persona lesionada responde al nombre de Pedro F\u00e9lix Romero P\u00e9rez, quien es originario de San Francisco Ozolotepec, Oaxaca y hermano de Jos\u00e9 Romero P\u00e9rez (fallecido).<\/p>\n\n\n\n<p>En un comunicado, la administraci\u00f3n estatal inform\u00f3 que, por instrucciones del gobernador Salom\u00f3n Jara Cruz, el Instituto de Atenci\u00f3n Integral al Migrante Oaxaque\u00f1o se puso en contacto con los familiares de los dos migrantes oaxaque\u00f1os.<\/p>\n\n\n\n<p>Dijo que desde que se tuvo conocimiento de los hechos se implement\u00f3 un protocolo para dar asistencia a los familiares de las v\u00edctimas.<\/p>\n\n\n\n<p>Personal del Instituto se comunic\u00f3 directamente, con Servando Mart\u00ednez Jim\u00e9nez, hermano del fallecido Marciano Mart\u00ednez Jim\u00e9nez, as\u00ed como con los primos de los hermanos Romero P\u00e9rez, Alex Garc\u00eda Ju\u00e1rez y Renato Ju\u00e1rez P\u00e9rez, quienes radican en los Estados Unidos y, con Arturo Romero, padre de ambas v\u00edctimas, quien se encuentra actualmente en la comunidad de San Francisco Ozolotepec, para externarle sus condolencias y ofrecerles el apoyo por parte del IAIMO para comenzar con los tr\u00e1mites de repatriaci\u00f3n.<\/p>\n\n\n\n<p>Al tiempo que a trav\u00e9s de las instancias correspondientes se brindar\u00e1 el acompa\u00f1amiento jur\u00eddico necesario ante este lamentable suceso.<\/p>\n","protected":false},"excerpt":{"rendered":"<p>Redacci\u00f3n\/Zona Roja. Foto: Univisi\u00f3n Oaxaca de Ju\u00e1rez, Oax., 26 de enero del 2023.- El Gobierno&hellip;<\/p>\n","protected":false},"author":2,"featured_media":50912,"comment_status":"closed","ping_status":"open","sticky":false,"template":"","format":"standard","meta":{"_lmt_disableupdate":"","_lmt_disable":"","_jetpack_memberships_contains_paid_content":false,"footnotes":""},"categories":[109,47],"tags":[3414],"class_list":["post-50911","post","type-post","status-publish","format-standard","has-post-thumbnail","hentry","category-minuto-a-minuto","category-zona-gris","tag-half-moon-bay-california"],"jetpack_featured_media_url":"https:\/\/zonaroja.com.mx\/wp-content\/uploads\/2023\/01\/victimas-tiroteo-half-moon-bay.jpg","jetpack_sharing_enabled":true,"_links":{"self":[{"href":"https:\/\/zonaroja.com.mx\/index.php?rest_route=\/wp\/v2\/posts\/50911","targetHints":{"allow":["GET"]}}],"collection":[{"href":"https:\/\/zonaroja.com.mx\/index.php?rest_route=\/wp\/v2\/posts"}],"about":[{"href":"https:\/\/zonaroja.com.mx\/index.php?rest_route=\/wp\/v2\/types\/post"}],"author":[{"embeddable":true,"href":"https:\/\/zonaroja.com.mx\/index.php?rest_route=\/wp\/v2\/users\/2"}],"replies":[{"embeddable":true,"href":"https:\/\/zonaroja.com.mx\/index.php?rest_route=%2Fwp%2Fv2%2Fcomments&post=50911"}],"version-history":[{"count":1,"href":"https:\/\/zonaroja.com.mx\/index.php?rest_route=\/wp\/v2\/posts\/50911\/revisions"}],"predecessor-version":[{"id":50913,"href":"https:\/\/zonaroja.com.mx\/index.php?rest_route=\/wp\/v2\/posts\/50911\/revisions\/50913"}],"wp:featuredmedia":[{"embeddable":true,"href":"https:\/\/zonaroja.com.mx\/index.php?rest_route=\/wp\/v2\/media\/50912"}],"wp:attachment":[{"href":"https:\/\/zonaroja.com.mx\/index.php?rest_route=%2Fwp%2Fv2%2Fmedia&parent=50911"}],"wp:term":[{"taxonomy":"category","embeddable":true,"href":"https:\/\/zonaroja.com.mx\/index.php?rest_route=%2Fwp%2Fv2%2Fcategories&post=50911"},{"taxonomy":"post_tag","embeddable":true,"href":"https:\/\/zonaroja.com.mx\/index.php?rest_route=%2Fwp%2Fv2%2Ftags&post=50911"}],"curies":[{"name":"wp","href":"https:\/\/api.w.org\/{rel}","templated":true}]}}