{"id":50914,"date":"2023-01-26T09:57:00","date_gmt":"2023-01-26T15:57:00","guid":{"rendered":"http:\/\/www.zonaroja.com.mx\/?p=50914"},"modified":"2023-01-26T08:16:20","modified_gmt":"2023-01-26T14:16:20","slug":"estamos-a-la-altura-de-las-circunstancias-que-tiene-la-fiscalia-rodriguez-alamilla","status":"publish","type":"post","link":"https:\/\/zonaroja.com.mx\/?p=50914","title":{"rendered":"\u201cEstamos a la altura de las circunstancias que tiene la Fiscal\u00eda\u201d: Rodr\u00edguez Alamilla"},"content":{"rendered":"\n<p>Ismael Garc\u00eda M.\/Zona Roja.<\/p>\n\n\n\n<p>Oaxaca de Ju\u00e1rez, Oax., a 26 de enero de 2023.- Ante las expresiones de rechazos de colectivos y feministas, el nuevo fiscal de Oaxaca, Bernardo Rodr\u00edguez Alamilla, consider\u00f3 que es una l\u00ednea de opini\u00f3n pero hay otras que hablan positivamente de su desempe\u00f1o.<\/p>\n\n\n\n<p>\u201cRespeto much\u00edsimo a las compa\u00f1eras, es una l\u00ednea de opini\u00f3n, hay otra l\u00ednea de opini\u00f3n, que hay un trabajo completamente distinto a eso, estamos a la altura de las circunstancias que tiene una Fiscal\u00eda\u201d, dijo.<\/p>\n\n\n\n<p>Entrevistado ayer por la tarde, al t\u00e9rmino de la sesi\u00f3n extraordinaria de la 65 Legislatura del Congreso del Estado, puntualiz\u00f3 respaldar\u00e1 todas las acciones a favor de las v\u00edctimas hasta lograr la justicia anhelada.<\/p>\n\n\n\n<p>En particular en los casos de feminicidios, donde se comprometi\u00f3 a disminuir los casos de impunidad; adem\u00e1s, expuso que se retomar\u00e1 tambi\u00e9n los casos del llamado \u201cC\u00e1rtel del despojo\u201d, por apropiaci\u00f3n ilegal de predios y casas.<\/p>\n\n\n\n<p>En el caso de Mar\u00eda Elena R\u00edos Ortiz, expuso que concuerda tambi\u00e9n en que el probable autor intelectual, Juan Antonio V. C., debe continuar en prisi\u00f3n preventiva en el reclusorio estatal en tanto contin\u00faa el juicio.<\/p>\n\n\n\n<figure class=\"wp-block-embed is-type-rich is-provider-twitter wp-block-embed-twitter\"><div class=\"wp-block-embed__wrapper\">\n<div class=\"twitter-tweet\"><blockquote class=\"twitter-tweet\" data-lang=\"es\"><p lang=\"es\" dir=\"ltr\"><a href=\"https:\/\/twitter.com\/hashtag\/%C3%9AltimaHora?src=hash&amp;ref_src=twsrc%5Etfw\">#\u00daltimaHora<\/a> <br>Tras ser designado por el <a href=\"https:\/\/twitter.com\/CongresoOaxaca_?ref_src=twsrc%5Etfw\">@CongresoOaxaca_<\/a>, el nuevo titular de la <a href=\"https:\/\/twitter.com\/FISCALIA_GobOax?ref_src=twsrc%5Etfw\">@FISCALIA_GobOax<\/a>, <a href=\"https:\/\/twitter.com\/FiscalOaxaca?ref_src=twsrc%5Etfw\">@FiscalOaxaca<\/a>, asegur\u00f3 que retomar\u00e1 el caso de Mar\u00eda Elena R\u00edos e insistir\u00e1 en que Juan Antonio V. C. siga su proceso en prisi\u00f3n. <a href=\"https:\/\/t.co\/dPVVJ0lDzT\">pic.twitter.com\/dPVVJ0lDzT<\/a><\/p>&mdash; Zona Roja Oaxaca (@ZonaRoja_Oaxaca) <a href=\"https:\/\/twitter.com\/ZonaRoja_Oaxaca\/status\/1618393900259086336?ref_src=twsrc%5Etfw\">25 de enero de 2023<\/a><\/blockquote><\/div>\n<\/div><\/figure>\n\n\n\n<p>RECURSO DE APELACI\u00d3N<\/p>\n\n\n\n<p>Por otra parte, en un comunicado de prensa emitido anoche, Fiscal\u00eda General del Estado de Oaxaca (FGEO) inform\u00f3 que interpuso recurso de apelaci\u00f3n en contra la resoluci\u00f3n de revisi\u00f3n de medida cautelar solicitada por J. A. V. C., imputado por el delito de feminicidio en grado de tentativa, cometido en contra de la v\u00edctima identificada por las iniciales M. E. R. O., hechos ocurridos el 9 de septiembre de 2019 en Huajuapan de Le\u00f3n.<\/p>\n\n\n\n<p>\u201cA la par de las acciones legales correspondientes, la FGEO se compromete a brindar un acompa\u00f1amiento integral a la v\u00edctima, a partir de la implementaci\u00f3n de una nueva pol\u00edtica en la instituci\u00f3n, sustentada en las perspectivas de derechos humanos y g\u00e9nero.<\/p>\n\n\n\n<p>\u201cEn cumplimiento con el compromiso constitucional de la Fiscal\u00eda, de procurar y garantizar el acceso a la justicia para las v\u00edctimas, este 25 de enero de 2023, se present\u00f3 este recurso de apelaci\u00f3n debido a que se evalu\u00f3 el riesgo de fuga por parte del imputado.<\/p>\n\n\n\n<p>\u201cAdem\u00e1s, que la excarcelaci\u00f3n de J. A. V. C. supondr\u00eda poner en riesgo la integridad de la v\u00edctima, por lo cual se realiz\u00f3 la impugnaci\u00f3n derivada de la causa penal 533\/2019.<\/p>\n\n\n\n<p>\u201cEs importante precisar que el imputado J. A. V. C., en ning\u00fan momento abandon\u00f3 el centro de internamiento en el que se encuentra recluido\u201d, inform\u00f3 en su comunicado.<\/p>\n","protected":false},"excerpt":{"rendered":"<p>Ismael Garc\u00eda M.\/Zona Roja. Oaxaca de Ju\u00e1rez, Oax., a 26 de enero de 2023.- Ante&hellip;<\/p>\n","protected":false},"author":2,"featured_media":50915,"comment_status":"closed","ping_status":"open","sticky":false,"template":"","format":"standard","meta":{"_lmt_disableupdate":"","_lmt_disable":"","_jetpack_memberships_contains_paid_content":false,"footnotes":""},"categories":[109,46],"tags":[1262],"class_list":["post-50914","post","type-post","status-publish","format-standard","has-post-thumbnail","hentry","category-minuto-a-minuto","category-zona-blanca","tag-bernardo-rodriguez-alamilla"],"jetpack_featured_media_url":"https:\/\/zonaroja.com.mx\/wp-content\/uploads\/2023\/01\/Bernardo-Rodriguez-Alamilla-entrevista.jpg","jetpack_sharing_enabled":true,"_links":{"self":[{"href":"https:\/\/zonaroja.com.mx\/index.php?rest_route=\/wp\/v2\/posts\/50914","targetHints":{"allow":["GET"]}}],"collection":[{"href":"https:\/\/zonaroja.com.mx\/index.php?rest_route=\/wp\/v2\/posts"}],"about":[{"href":"https:\/\/zonaroja.com.mx\/index.php?rest_route=\/wp\/v2\/types\/post"}],"author":[{"embeddable":true,"href":"https:\/\/zonaroja.com.mx\/index.php?rest_route=\/wp\/v2\/users\/2"}],"replies":[{"embeddable":true,"href":"https:\/\/zonaroja.com.mx\/index.php?rest_route=%2Fwp%2Fv2%2Fcomments&post=50914"}],"version-history":[{"count":1,"href":"https:\/\/zonaroja.com.mx\/index.php?rest_route=\/wp\/v2\/posts\/50914\/revisions"}],"predecessor-version":[{"id":50916,"href":"https:\/\/zonaroja.com.mx\/index.php?rest_route=\/wp\/v2\/posts\/50914\/revisions\/50916"}],"wp:featuredmedia":[{"embeddable":true,"href":"https:\/\/zonaroja.com.mx\/index.php?rest_route=\/wp\/v2\/media\/50915"}],"wp:attachment":[{"href":"https:\/\/zonaroja.com.mx\/index.php?rest_route=%2Fwp%2Fv2%2Fmedia&parent=50914"}],"wp:term":[{"taxonomy":"category","embeddable":true,"href":"https:\/\/zonaroja.com.mx\/index.php?rest_route=%2Fwp%2Fv2%2Fcategories&post=50914"},{"taxonomy":"post_tag","embeddable":true,"href":"https:\/\/zonaroja.com.mx\/index.php?rest_route=%2Fwp%2Fv2%2Ftags&post=50914"}],"curies":[{"name":"wp","href":"https:\/\/api.w.org\/{rel}","templated":true}]}}