{"id":50917,"date":"2023-01-26T11:16:00","date_gmt":"2023-01-26T17:16:00","guid":{"rendered":"http:\/\/www.zonaroja.com.mx\/?p=50917"},"modified":"2023-01-26T08:24:36","modified_gmt":"2023-01-26T14:24:36","slug":"instalan-en-congreso-comision-permanente-de-infraestructuras-y-comunicaciones","status":"publish","type":"post","link":"https:\/\/zonaroja.com.mx\/?p=50917","title":{"rendered":"Instalan en Congreso Comisi\u00f3n Permanente de Infraestructuras y Comunicaciones"},"content":{"rendered":"\n<p>Redacci\u00f3n\/Zona Roja.<\/p>\n\n\n\n<p>Oaxaca de Ju\u00e1rez, Oax., a 26 de enero de 2023.- El secretario de las Infraestructuras y Comunicaciones, Netzahualc\u00f3yotl Salvatierra L\u00f3pez atestigu\u00f3 la instalaci\u00f3n de la Comisi\u00f3n Permanente de Infraestructuras y Comunicaciones de la 65 Legislatura local del Congreso del Estado de Oaxaca.<\/p>\n\n\n\n<p>En el acto celebrado en el Palacio Legislativo ubicado en San Raymundo Jalpan, el titular de Sinfra, destac\u00f3 que la infraestructura en el estado debe obedecer a un plan con una visi\u00f3n estatal, con un enfoque regional y hacia los grupos m\u00e1s necesitados.<\/p>\n\n\n\n<p>\u00abDebemos vigilar que la calidad de las obras es la que demanda la sociedad, que todos los recursos se ejerzan con absoluta transparencia, este es un compromiso reiterado y es una solicitud del gobernador Salom\u00f3n Jara Cruz\u00bb, a\u00f1adi\u00f3 ante la diputada Liz Hern\u00e1ndez Matus, presidenta de la Comisi\u00f3n.<\/p>\n\n\n\n<p>Dentro de los trabajos de instalaci\u00f3n de la Comisi\u00f3n Permanente de Infraestructuras y Comunicaciones de la LXV Legislatura de Oaxaca, las y los diputados integrantes, aprobaron puntos de acuerdo como el programa de trabajo de la Comisi\u00f3n correspondiente al segundo a\u00f1o de ejercicio legal.<\/p>\n\n\n\n<p>De igual manera se autoriz\u00f3 la realizaci\u00f3n de un foro en materia de infraestructura sostenible e incluyente en coordinaci\u00f3n con la Secretar\u00eda de las Infraestructuras y Comunicaciones.<\/p>\n\n\n\n<p>A la sesi\u00f3n de instalaci\u00f3n tambi\u00e9n asistieron Omar P\u00e9rez Ben\u00edtez, titular del Sistema Operador de los Servicios de Agua Potable y Alcantarillado; Raciel Cabrera Garc\u00eda, titular de la Comisi\u00f3n Estatal del Agua para el Bienestar; y Mois\u00e9s Salazar Mart\u00ednez, titular de Caminos Bienestar.<\/p>\n\n\n\n<p>Tambi\u00e9n participaron, Fabi\u00e1n Ram\u00edrez Est\u00e9vez, subsecretario de Planeaci\u00f3n y Programaci\u00f3n de Obra; Alejandro L\u00f3pez Jarqu\u00edn, titular del Instituto Oaxaque\u00f1o Constructor de Infraestructura F\u00edsica Educativa; Colegios de Urbanistas, la CMIC y el Consorcio de Mujeres Constructoras.<\/p>\n","protected":false},"excerpt":{"rendered":"<p>Redacci\u00f3n\/Zona Roja. Oaxaca de Ju\u00e1rez, Oax., a 26 de enero de 2023.- El secretario de&hellip;<\/p>\n","protected":false},"author":2,"featured_media":50919,"comment_status":"closed","ping_status":"open","sticky":false,"template":"","format":"standard","meta":{"_lmt_disableupdate":"","_lmt_disable":"","_jetpack_memberships_contains_paid_content":false,"footnotes":""},"categories":[109,46],"tags":[3398],"class_list":["post-50917","post","type-post","status-publish","format-standard","has-post-thumbnail","hentry","category-minuto-a-minuto","category-zona-blanca","tag-netzahualcoyotl-salvatierra-lopez"],"jetpack_featured_media_url":"https:\/\/zonaroja.com.mx\/wp-content\/uploads\/2023\/01\/Sinfra-Netzahualcoyotl-Salvatierra-Congreso.jpg","jetpack_sharing_enabled":true,"_links":{"self":[{"href":"https:\/\/zonaroja.com.mx\/index.php?rest_route=\/wp\/v2\/posts\/50917","targetHints":{"allow":["GET"]}}],"collection":[{"href":"https:\/\/zonaroja.com.mx\/index.php?rest_route=\/wp\/v2\/posts"}],"about":[{"href":"https:\/\/zonaroja.com.mx\/index.php?rest_route=\/wp\/v2\/types\/post"}],"author":[{"embeddable":true,"href":"https:\/\/zonaroja.com.mx\/index.php?rest_route=\/wp\/v2\/users\/2"}],"replies":[{"embeddable":true,"href":"https:\/\/zonaroja.com.mx\/index.php?rest_route=%2Fwp%2Fv2%2Fcomments&post=50917"}],"version-history":[{"count":1,"href":"https:\/\/zonaroja.com.mx\/index.php?rest_route=\/wp\/v2\/posts\/50917\/revisions"}],"predecessor-version":[{"id":50920,"href":"https:\/\/zonaroja.com.mx\/index.php?rest_route=\/wp\/v2\/posts\/50917\/revisions\/50920"}],"wp:featuredmedia":[{"embeddable":true,"href":"https:\/\/zonaroja.com.mx\/index.php?rest_route=\/wp\/v2\/media\/50919"}],"wp:attachment":[{"href":"https:\/\/zonaroja.com.mx\/index.php?rest_route=%2Fwp%2Fv2%2Fmedia&parent=50917"}],"wp:term":[{"taxonomy":"category","embeddable":true,"href":"https:\/\/zonaroja.com.mx\/index.php?rest_route=%2Fwp%2Fv2%2Fcategories&post=50917"},{"taxonomy":"post_tag","embeddable":true,"href":"https:\/\/zonaroja.com.mx\/index.php?rest_route=%2Fwp%2Fv2%2Ftags&post=50917"}],"curies":[{"name":"wp","href":"https:\/\/api.w.org\/{rel}","templated":true}]}}