{"id":50921,"date":"2023-01-26T12:24:00","date_gmt":"2023-01-26T18:24:00","guid":{"rendered":"http:\/\/www.zonaroja.com.mx\/?p=50921"},"modified":"2023-01-26T08:26:31","modified_gmt":"2023-01-26T14:26:31","slug":"denuncian-operatividad-irregular-e-impune-de-minera-cuzcatlan-desde-hace-4-meses","status":"publish","type":"post","link":"https:\/\/zonaroja.com.mx\/?p=50921","title":{"rendered":"Denuncian operatividad irregular e impune de Minera Cuzcatl\u00e1n desde hace 4 meses"},"content":{"rendered":"\n<p>Yuridiana Sosa\/Zona Roja.<\/p>\n\n\n\n<p>Oaxaca de Ju\u00e1rez, Oax., 26 de enero de 2023.- Integrantes del \u201cFrente no a la miner\u00eda por un futuro de todas y todos\u201d denunciaron que sin permiso de Manifestaci\u00f3n de Impacto Ambiental y bajo omisiones el proyecto \u201cSan Jos\u00e9\u201d de la minera Cuzcatl\u00e1n, en los Valles Centrales, opera desde octubre pasado.<\/p>\n\n\n\n<p>A trav\u00e9s de una carta abierta, las autoridades municipales y agrarias de las localidades afectadas en la regi\u00f3n central de Oaxaca se\u00f1alaron que, tambi\u00e9n han sido continuamente difamadas y presionadas por la compa\u00f1\u00eda minera para obtener la licencia social del proyecto minero.<\/p>\n\n\n\n<p>La empresa minera Cuzcatl\u00e1n, filial de la canadiense Fortuna Silver Mines, se\u00f1alaron, ha violentado la legislaci\u00f3n ambiental vigente en el pa\u00eds, pero con influencias de diputados federales y funcionarios de la Secretar\u00eda de Medio Ambiente y Recursos Naturales mantiene su operatividad.<\/p>\n\n\n\n<p>El Frente destac\u00f3 que, en dos ocasiones previas al supuesto permiso de ampliaci\u00f3n a 12 a\u00f1os, otorgado en diciembre de 2021, la Semarnat los hab\u00eda negado, pues el proyecto presentaba irregularidades y no mostraba la totalidad de los impactos generados, mientras que la compa\u00f1\u00eda violentaba del derecho humano a un ambiente sano en las comunidades.<\/p>\n\n\n\n<p>Las comunidades afectadas exigen al gobierno federal que se cancele de manera inmediata el proyecto minero de \u201cSan Jos\u00e9\u201d, en San Jos\u00e9 del Progreso, por la grave contaminaci\u00f3n al medio ambiente.<\/p>\n\n\n\n<p>Apuntaron que no existe legislaci\u00f3n que permita la extensi\u00f3n de Manifestaci\u00f3n de Impacto Ambiental como lo refiere la minera y de lo que se ampara para trabajar, adem\u00e1s de haber realizado 75 obras irregulares sin autorizaci\u00f3n previa de la dependencia.<br>Por medio del escrito dieron a conocer a los inversionistas que la minera Cuzcatl\u00e1n utiliza la corrupci\u00f3n y la divisi\u00f3n comunitaria, as\u00ed como el asesinato de defensores comunitarios, para seguir en operaciones.<\/p>\n","protected":false},"excerpt":{"rendered":"<p>Yuridiana Sosa\/Zona Roja. Oaxaca de Ju\u00e1rez, Oax., 26 de enero de 2023.- Integrantes del \u201cFrente&hellip;<\/p>\n","protected":false},"author":2,"featured_media":50918,"comment_status":"closed","ping_status":"open","sticky":false,"template":"","format":"standard","meta":{"_lmt_disableupdate":"","_lmt_disable":"","_jetpack_memberships_contains_paid_content":false,"footnotes":""},"categories":[109,47],"tags":[2326],"class_list":["post-50921","post","type-post","status-publish","format-standard","has-post-thumbnail","hentry","category-minuto-a-minuto","category-zona-gris","tag-compania-minera-cuzcatlan"],"jetpack_featured_media_url":"https:\/\/zonaroja.com.mx\/wp-content\/uploads\/2023\/01\/Denuncia-caso-Minera-Cuzcatlan.jpg","jetpack_sharing_enabled":true,"_links":{"self":[{"href":"https:\/\/zonaroja.com.mx\/index.php?rest_route=\/wp\/v2\/posts\/50921","targetHints":{"allow":["GET"]}}],"collection":[{"href":"https:\/\/zonaroja.com.mx\/index.php?rest_route=\/wp\/v2\/posts"}],"about":[{"href":"https:\/\/zonaroja.com.mx\/index.php?rest_route=\/wp\/v2\/types\/post"}],"author":[{"embeddable":true,"href":"https:\/\/zonaroja.com.mx\/index.php?rest_route=\/wp\/v2\/users\/2"}],"replies":[{"embeddable":true,"href":"https:\/\/zonaroja.com.mx\/index.php?rest_route=%2Fwp%2Fv2%2Fcomments&post=50921"}],"version-history":[{"count":1,"href":"https:\/\/zonaroja.com.mx\/index.php?rest_route=\/wp\/v2\/posts\/50921\/revisions"}],"predecessor-version":[{"id":50922,"href":"https:\/\/zonaroja.com.mx\/index.php?rest_route=\/wp\/v2\/posts\/50921\/revisions\/50922"}],"wp:featuredmedia":[{"embeddable":true,"href":"https:\/\/zonaroja.com.mx\/index.php?rest_route=\/wp\/v2\/media\/50918"}],"wp:attachment":[{"href":"https:\/\/zonaroja.com.mx\/index.php?rest_route=%2Fwp%2Fv2%2Fmedia&parent=50921"}],"wp:term":[{"taxonomy":"category","embeddable":true,"href":"https:\/\/zonaroja.com.mx\/index.php?rest_route=%2Fwp%2Fv2%2Fcategories&post=50921"},{"taxonomy":"post_tag","embeddable":true,"href":"https:\/\/zonaroja.com.mx\/index.php?rest_route=%2Fwp%2Fv2%2Ftags&post=50921"}],"curies":[{"name":"wp","href":"https:\/\/api.w.org\/{rel}","templated":true}]}}