{"id":50923,"date":"2023-01-26T11:26:00","date_gmt":"2023-01-26T17:26:00","guid":{"rendered":"http:\/\/www.zonaroja.com.mx\/?p=50923"},"modified":"2023-01-26T08:28:39","modified_gmt":"2023-01-26T14:28:39","slug":"refrenda-poder-judicial-compromiso-de-fortalecer-el-sistema-de-justicia-laboral","status":"publish","type":"post","link":"https:\/\/zonaroja.com.mx\/?p=50923","title":{"rendered":"Refrenda Poder Judicial compromiso de fortalecer el Sistema de Justicia Laboral"},"content":{"rendered":"\n<p>Redacci\u00f3n\/Zona Roja.<\/p>\n\n\n\n<p>Oaxaca de Ju\u00e1rez, Oax., a 26 de enero de 2023.- &nbsp;Con el objetivo de evaluar los avances&nbsp;del nuevo Sistema de Justicia Laboral,&nbsp;que en Oaxaca entr\u00f3 en vigor el tres de noviembre del a\u00f1o 2021,&nbsp;el titular del Poder Judicial&nbsp;del Estado, magistrado Eduardo Pinacho S\u00e1nchez&nbsp;y la&nbsp;secretaria del Trabajo y Previsi\u00f3n Social&nbsp;a nivel federal, Luisa Mar\u00eda Alcalde Luj\u00e1n, realizaron&nbsp;un recorrido por los juzgados especializados en esta materia&nbsp;y el Centro de Conciliaci\u00f3n Laboral,&nbsp;ubicados&nbsp;en la agencia de Santa&nbsp;Mar\u00eda Ixcotel.&nbsp;<\/p>\n\n\n\n<p>A trav\u00e9s de un modelo&nbsp;de cooperaci\u00f3n entre los dos niveles de gobierno y los tres poderes del&nbsp;Estado, en la entidad se&nbsp;concret\u00f3la transici\u00f3n y&nbsp;la adecuaci\u00f3n de inmuebles&nbsp;para este fin, al ser&nbsp;uno de los objetivos&nbsp;del&nbsp;Sistema de Justicia Laboral establecer&nbsp;una&nbsp;resoluci\u00f3n r\u00e1pida y eficaz a los conflictos&nbsp;entre empleadores y trabajadores, dando como resultado una justicia m\u00e1s \u00e1gil, expedita e imparcial.<\/p>\n\n\n\n<p>Previo al recorrido,&nbsp;durante su intervenci\u00f3n en el Encuentro de Coordinaci\u00f3n de Programas y Pol\u00edticas Laborales&nbsp;de la Secretar\u00eda del Trabajo y el Gobierno de Oaxaca, encabezado por el gobernador Salom\u00f3n Jara Cruz,&nbsp;el presidente del Tribunal Superior de Justicia y del Consejo de la Judicatura&nbsp;puntualiz\u00f3 queel&nbsp;nuevo modelo de justicia laboral se trata de un parteaguas porque supone profundos cambios normativos, f\u00edsicos, tecnol\u00f3gicos, estructurales pero sobre todo ideol\u00f3gicos que deben llevar a transformar pr\u00e1cticas y actitudes en las y los servidores judiciales. &nbsp;<\/p>\n\n\n\n<p>\u201cEl objetivo consiste que este segundo a\u00f1o de la justicia laboral en Oaxaca, la entidad se incorpore a una productividad y eficiencia que corresponda a la media nacional y con ello sentar las bases para la operaci\u00f3n de un sistema que cumpla con las expectativas sociales y constitucionales: r\u00e1pido,&nbsp;expedito&nbsp;y&nbsp;eficiente pero tambi\u00e9n humano\u201d, manifest\u00f3.&nbsp;<\/p>\n\n\n\n<p>Luego de destacar que uno&nbsp;de los principales retos es crear cuatro juzgados laborales m\u00e1s&nbsp;a los cuatro ya existentes,&nbsp;que ofrezcan al justiciable un servicio jurisdiccional&nbsp;cercano al lugar de su residencia, el magistrado Pinacho S\u00e1nchez reconoci\u00f3 el apoyo de la&nbsp;Secretar\u00eda del Trabajo y Previsi\u00f3n Social, as\u00ed como&nbsp;de&nbsp;facilitadores de la Organizaci\u00f3n Internacional del Trabajo que han permitido dise\u00f1ar una&nbsp;ruta&nbsp;para&nbsp;fortalecer&nbsp;los procesos de gesti\u00f3n del sistema de justicia laboral.<\/p>\n\n\n\n<p>En este sentido, explic\u00f3 que est\u00e1 por concluir el sistema para el uso de la firma electr\u00f3nica avanzada para las&nbsp;resoluciones judiciales y los&nbsp;usuarios&nbsp;y&nbsp;el mapeo de los procesos de gesti\u00f3n de casos&nbsp;con la finalidad de&nbsp;contar con&nbsp;un manual de operaci\u00f3n.<\/p>\n","protected":false},"excerpt":{"rendered":"<p>Redacci\u00f3n\/Zona Roja. Oaxaca de Ju\u00e1rez, Oax., a 26 de enero de 2023.- &nbsp;Con el objetivo&hellip;<\/p>\n","protected":false},"author":2,"featured_media":50907,"comment_status":"closed","ping_status":"open","sticky":false,"template":"","format":"standard","meta":{"_lmt_disableupdate":"","_lmt_disable":"","_jetpack_memberships_contains_paid_content":false,"footnotes":""},"categories":[109,46],"tags":[223],"class_list":["post-50923","post","type-post","status-publish","format-standard","has-post-thumbnail","hentry","category-minuto-a-minuto","category-zona-blanca","tag-poder-judicial-de-oaxaca"],"jetpack_featured_media_url":"https:\/\/zonaroja.com.mx\/wp-content\/uploads\/2023\/01\/Recorrido-por-juzgados-laborales.jpg","jetpack_sharing_enabled":true,"_links":{"self":[{"href":"https:\/\/zonaroja.com.mx\/index.php?rest_route=\/wp\/v2\/posts\/50923","targetHints":{"allow":["GET"]}}],"collection":[{"href":"https:\/\/zonaroja.com.mx\/index.php?rest_route=\/wp\/v2\/posts"}],"about":[{"href":"https:\/\/zonaroja.com.mx\/index.php?rest_route=\/wp\/v2\/types\/post"}],"author":[{"embeddable":true,"href":"https:\/\/zonaroja.com.mx\/index.php?rest_route=\/wp\/v2\/users\/2"}],"replies":[{"embeddable":true,"href":"https:\/\/zonaroja.com.mx\/index.php?rest_route=%2Fwp%2Fv2%2Fcomments&post=50923"}],"version-history":[{"count":1,"href":"https:\/\/zonaroja.com.mx\/index.php?rest_route=\/wp\/v2\/posts\/50923\/revisions"}],"predecessor-version":[{"id":50924,"href":"https:\/\/zonaroja.com.mx\/index.php?rest_route=\/wp\/v2\/posts\/50923\/revisions\/50924"}],"wp:featuredmedia":[{"embeddable":true,"href":"https:\/\/zonaroja.com.mx\/index.php?rest_route=\/wp\/v2\/media\/50907"}],"wp:attachment":[{"href":"https:\/\/zonaroja.com.mx\/index.php?rest_route=%2Fwp%2Fv2%2Fmedia&parent=50923"}],"wp:term":[{"taxonomy":"category","embeddable":true,"href":"https:\/\/zonaroja.com.mx\/index.php?rest_route=%2Fwp%2Fv2%2Fcategories&post=50923"},{"taxonomy":"post_tag","embeddable":true,"href":"https:\/\/zonaroja.com.mx\/index.php?rest_route=%2Fwp%2Fv2%2Ftags&post=50923"}],"curies":[{"name":"wp","href":"https:\/\/api.w.org\/{rel}","templated":true}]}}