{"id":50925,"date":"2023-01-26T10:41:00","date_gmt":"2023-01-26T16:41:00","guid":{"rendered":"http:\/\/www.zonaroja.com.mx\/?p=50925"},"modified":"2023-01-26T12:54:49","modified_gmt":"2023-01-26T18:54:49","slug":"pend1-12","status":"publish","type":"post","link":"https:\/\/zonaroja.com.mx\/?p=50925","title":{"rendered":"Ocurre primer feminicidio para nuevo fiscal; van 23 en sexenio de Jara"},"content":{"rendered":"\n<p>Yuridiana Sosa\/Zona Roja.<\/p>\n\n\n\n<p>Oaxaca de Ju\u00e1rez, Oax., a 26 de enero de 2023.- A menos de 24 horas de la toma de protesta como nuevo fiscal de Oaxaca, Bernardo Rodr\u00edguez Alamilla enfrenta el primer caso de feminicidio en su periodo y con el cual se consuma el n\u00famero 23 de la administraci\u00f3n estatal de Salom\u00f3n Jara Cruz.<\/p>\n\n\n\n<p>El asesinato la mujer se registr\u00f3 con el uso de arma de fuego esta ma\u00f1ana en el municipio conurbado de San Bartolo Coyotepec, cerca de la unidad deportiva \u201c21 de Marzo\u201d. <\/p>\n\n\n\n<p>La v\u00edctima fue identificada como Sicar J. G.,  de 35 a\u00f1os de edad, quien qued\u00f3 sobre la v\u00eda p\u00fablica, al lugar llegaron elementos policiacos para resguardar la escena del crimen.<\/p>\n\n\n\n<p>De acuerdo con el recuento hemerogr\u00e1fico, basado en reportes policiacos, de la asociaci\u00f3n Consorcio Oaxaca, hasta ayer se hab\u00edan cometido 22 feminicidios en la entidad desde el pasado 1 de diciembre; el crimen de este jueves eleva la cifra a 23 asesinatos violentos contra una mujer, de los que 14 ocurrieron en diciembre.<\/p>\n\n\n\n<p>CRECEN AGRESIONES<\/p>\n\n\n\n<p>As\u00ed tambi\u00e9n, el organismo en defensa de las mujeres dio a conocer que a casi dos meses del inicio del gobierno de Jara Cruz se han registrado 99 casos de agresiones en contra de mujeres de acuerdo con la informaci\u00f3n de su propia Plataforma de ViolenciaFeminicida (PVF).<\/p>\n\n\n\n<p>Del total de las agresiones, el 74 por ciento -73 casos- corresponde a denuncias de desapariciones y feminicidios, que son los dos delitos con mayor incidencia desde el 1 de diciembre de 2022 a la fecha.<\/p>\n\n\n\n<p>Tras la elecci\u00f3n y toma de protesta de Bernardo Rodr\u00edguez Alamilla como titular de la Fiscal\u00eda General del Estado de Oaxaca, organizaciones civiles, colectivos feministas y activistas reiteraron su rechazo a dicha decisi\u00f3n y se han pronunciado por \u201cuna Fiscal\u00eda que sirva\u201d.<\/p>\n\n\n\n<figure class=\"wp-block-embed\"><div class=\"wp-block-embed__wrapper\">\n<div class=\"twitter-tweet\"><blockquote class=\"twitter-tweet\" data-lang=\"es\"><p lang=\"es\" dir=\"ltr\">Fue cerca de la unidad deportiva \u201c21 de Marzo\u201d de San Bartolo Coyotepec en que asesinaron a balazos a una mujer. <br>Personal policiaco resguarda la escena del crimen. <a href=\"https:\/\/t.co\/QDqsJn7e4n\">pic.twitter.com\/QDqsJn7e4n<\/a><\/p>&mdash; Zona Roja Oaxaca (@ZonaRoja_Oaxaca) <a href=\"https:\/\/twitter.com\/ZonaRoja_Oaxaca\/status\/1618634126562848769?ref_src=twsrc%5Etfw\">26 de enero de 2023<\/a><\/blockquote><\/div>\n<\/div><\/figure>\n","protected":false},"excerpt":{"rendered":"<p>Yuridiana Sosa\/Zona Roja. Oaxaca de Ju\u00e1rez, Oax., a 26 de enero de 2023.- A menos&hellip;<\/p>\n","protected":false},"author":2,"featured_media":50929,"comment_status":"closed","ping_status":"open","sticky":false,"template":"","format":"standard","meta":{"_lmt_disableupdate":"","_lmt_disable":"","_jetpack_memberships_contains_paid_content":false,"footnotes":""},"categories":[109,51],"tags":[],"class_list":["post-50925","post","type-post","status-publish","format-standard","has-post-thumbnail","hentry","category-minuto-a-minuto","category-zona-roja"],"jetpack_featured_media_url":"https:\/\/zonaroja.com.mx\/wp-content\/uploads\/2023\/01\/img_9306.jpg","jetpack_sharing_enabled":true,"_links":{"self":[{"href":"https:\/\/zonaroja.com.mx\/index.php?rest_route=\/wp\/v2\/posts\/50925","targetHints":{"allow":["GET"]}}],"collection":[{"href":"https:\/\/zonaroja.com.mx\/index.php?rest_route=\/wp\/v2\/posts"}],"about":[{"href":"https:\/\/zonaroja.com.mx\/index.php?rest_route=\/wp\/v2\/types\/post"}],"author":[{"embeddable":true,"href":"https:\/\/zonaroja.com.mx\/index.php?rest_route=\/wp\/v2\/users\/2"}],"replies":[{"embeddable":true,"href":"https:\/\/zonaroja.com.mx\/index.php?rest_route=%2Fwp%2Fv2%2Fcomments&post=50925"}],"version-history":[{"count":2,"href":"https:\/\/zonaroja.com.mx\/index.php?rest_route=\/wp\/v2\/posts\/50925\/revisions"}],"predecessor-version":[{"id":50930,"href":"https:\/\/zonaroja.com.mx\/index.php?rest_route=\/wp\/v2\/posts\/50925\/revisions\/50930"}],"wp:featuredmedia":[{"embeddable":true,"href":"https:\/\/zonaroja.com.mx\/index.php?rest_route=\/wp\/v2\/media\/50929"}],"wp:attachment":[{"href":"https:\/\/zonaroja.com.mx\/index.php?rest_route=%2Fwp%2Fv2%2Fmedia&parent=50925"}],"wp:term":[{"taxonomy":"category","embeddable":true,"href":"https:\/\/zonaroja.com.mx\/index.php?rest_route=%2Fwp%2Fv2%2Fcategories&post=50925"},{"taxonomy":"post_tag","embeddable":true,"href":"https:\/\/zonaroja.com.mx\/index.php?rest_route=%2Fwp%2Fv2%2Ftags&post=50925"}],"curies":[{"name":"wp","href":"https:\/\/api.w.org\/{rel}","templated":true}]}}