{"id":50935,"date":"2023-01-26T19:56:48","date_gmt":"2023-01-27T01:56:48","guid":{"rendered":"http:\/\/www.zonaroja.com.mx\/?p=50935"},"modified":"2023-01-26T19:56:52","modified_gmt":"2023-01-27T01:56:52","slug":"ignora-el-ieepo-demandas-de-normalistas-y-vuelven-a-marchar","status":"publish","type":"post","link":"https:\/\/zonaroja.com.mx\/?p=50935","title":{"rendered":"Ignora el IEEPO demandas de normalistas y vuelven a marchar"},"content":{"rendered":"\n<p>Yuridiana Sosa\/Zona Roja.<\/p>\n\n\n\n<p>Oaxaca de Ju\u00e1rez, Oax., a 26 de enero de 2023.- Ante la desatenci\u00f3n del Instituto Estatal de Educaci\u00f3n P\u00fablica, que encabeza Emilio Montero L\u00f3pez, estudiantes egresados de las 11 escuelas normales de Oaxaca marcharon para exigir respuesta a su pliego de peticiones entregado hace dos semanas.<\/p>\n\n\n\n<p>Desde el pasado 12 de enero que realizaron la entrega formal del documento, los normalistas no han tenido ning\u00fan tipo de respuesta o llamado de la administraci\u00f3n estatal para sentarse a una mesa de di\u00e1logo y abordar sus peticiones, lo que incluye la falta de respuesta de la nueva Secretar\u00eda de Educaci\u00f3n P\u00fablica de Oaxaca y del propio IEEPO.<\/p>\n\n\n\n<p>La principal demanda de los 840 futuros maestros, egresados de la generaci\u00f3n 2018-2022, es la contrataci\u00f3n directa, rechazando los mecanismo de la Unidad para el Sistema de la Carrera de las Maestras y los Maestros (USICAMM) para la contrataci\u00f3n de docentes por medio de una evaluaci\u00f3n.<\/p>\n\n\n\n<p>Los afectados valorar\u00e1n las acciones que emprender\u00e1n a partir de ahora para ser escuchados y atendidos por el gobierno de Salom\u00f3n Jara, del cual s\u00f3lo han visto indiferencia a para el normalismo oaxaque\u00f1o.<\/p>\n\n\n\n<p>Por segunda ocasi\u00f3n, la marcha de los normalistas- como la del 12 de enero- se desarroll\u00f3 de manera pac\u00edfica en la capital del estado, desde la fuente de las Ocho Regiones al norte de la ciudad al z\u00f3calo, frente a Palacio de Gobierno, donde durante el mitin reafirmaron su demanda.<\/p>\n\n\n\n<p>Tras el mitin en el z\u00f3calo, se retiraron a instalaciones del IEEPO ubicadas en la calle de Pino Su\u00e9rez, donde pernoctan y se prev\u00e9 que realicen m\u00e1s movilizaciones en los pr\u00f3ximos d\u00edas.<\/p>\n\n\n\n<figure class=\"wp-block-embed is-type-rich is-provider-twitter wp-block-embed-twitter\"><div class=\"wp-block-embed__wrapper\">\n<div class=\"twitter-tweet\"><blockquote class=\"twitter-tweet\" data-lang=\"es\"><p lang=\"es\" dir=\"ltr\"><a href=\"https:\/\/twitter.com\/hashtag\/%C3%9AltimoMinuto?src=hash&amp;ref_src=twsrc%5Etfw\">#\u00daltimoMinuto<\/a><br>Con un mitin en el z\u00f3calo termina la marcha de estudiantes normalistas de <a href=\"https:\/\/twitter.com\/hashtag\/Oaxaca?src=hash&amp;ref_src=twsrc%5Etfw\">#Oaxaca<\/a>.<br>Denuncian apat\u00eda y nula atenci\u00f3n por parte del director del <a href=\"https:\/\/twitter.com\/IEEPOGobOax?ref_src=twsrc%5Etfw\">@IEEPOGobOax<\/a>, <a href=\"https:\/\/twitter.com\/EMILIOMONTEROP?ref_src=twsrc%5Etfw\">@emiliomonterop<\/a>, a dos semanas de haber entregado su pliego petitorio. <a href=\"https:\/\/t.co\/pmJxTOxXeO\">pic.twitter.com\/pmJxTOxXeO<\/a><\/p>&mdash; Zona Roja Oaxaca (@ZonaRoja_Oaxaca) <a href=\"https:\/\/twitter.com\/ZonaRoja_Oaxaca\/status\/1618672979801702400?ref_src=twsrc%5Etfw\">26 de enero de 2023<\/a><\/blockquote><\/div>\n<\/div><\/figure>\n","protected":false},"excerpt":{"rendered":"<p>Yuridiana Sosa\/Zona Roja. Oaxaca de Ju\u00e1rez, Oax., a 26 de enero de 2023.- Ante la&hellip;<\/p>\n","protected":false},"author":2,"featured_media":50936,"comment_status":"closed","ping_status":"open","sticky":false,"template":"","format":"standard","meta":{"_lmt_disableupdate":"","_lmt_disable":"","_jetpack_memberships_contains_paid_content":false,"footnotes":""},"categories":[109,47],"tags":[1829,2837],"class_list":["post-50935","post","type-post","status-publish","format-standard","has-post-thumbnail","hentry","category-minuto-a-minuto","category-zona-gris","tag-emilio-montero-perez","tag-instituto-estatal-de-educacion-publica-de-oaxaca-ieepo"],"jetpack_featured_media_url":"https:\/\/zonaroja.com.mx\/wp-content\/uploads\/2023\/01\/Marcha-normalistas-Oaxaca.jpg","jetpack_sharing_enabled":true,"_links":{"self":[{"href":"https:\/\/zonaroja.com.mx\/index.php?rest_route=\/wp\/v2\/posts\/50935","targetHints":{"allow":["GET"]}}],"collection":[{"href":"https:\/\/zonaroja.com.mx\/index.php?rest_route=\/wp\/v2\/posts"}],"about":[{"href":"https:\/\/zonaroja.com.mx\/index.php?rest_route=\/wp\/v2\/types\/post"}],"author":[{"embeddable":true,"href":"https:\/\/zonaroja.com.mx\/index.php?rest_route=\/wp\/v2\/users\/2"}],"replies":[{"embeddable":true,"href":"https:\/\/zonaroja.com.mx\/index.php?rest_route=%2Fwp%2Fv2%2Fcomments&post=50935"}],"version-history":[{"count":1,"href":"https:\/\/zonaroja.com.mx\/index.php?rest_route=\/wp\/v2\/posts\/50935\/revisions"}],"predecessor-version":[{"id":50937,"href":"https:\/\/zonaroja.com.mx\/index.php?rest_route=\/wp\/v2\/posts\/50935\/revisions\/50937"}],"wp:featuredmedia":[{"embeddable":true,"href":"https:\/\/zonaroja.com.mx\/index.php?rest_route=\/wp\/v2\/media\/50936"}],"wp:attachment":[{"href":"https:\/\/zonaroja.com.mx\/index.php?rest_route=%2Fwp%2Fv2%2Fmedia&parent=50935"}],"wp:term":[{"taxonomy":"category","embeddable":true,"href":"https:\/\/zonaroja.com.mx\/index.php?rest_route=%2Fwp%2Fv2%2Fcategories&post=50935"},{"taxonomy":"post_tag","embeddable":true,"href":"https:\/\/zonaroja.com.mx\/index.php?rest_route=%2Fwp%2Fv2%2Ftags&post=50935"}],"curies":[{"name":"wp","href":"https:\/\/api.w.org\/{rel}","templated":true}]}}