{"id":50938,"date":"2023-01-26T21:30:58","date_gmt":"2023-01-27T03:30:58","guid":{"rendered":"http:\/\/www.zonaroja.com.mx\/?p=50938"},"modified":"2023-01-26T21:55:15","modified_gmt":"2023-01-27T03:55:15","slug":"jueves-de-roja-primavera-un-ejecutado-un-calcinado-y-robo-en-escuela","status":"publish","type":"post","link":"https:\/\/zonaroja.com.mx\/?p=50938","title":{"rendered":"Jueves de \u201croja primavera\u201d: un ejecutado, un calcinado y robo en escuela"},"content":{"rendered":"\n<p>Ismael Garc\u00eda M.\/Zona Roja.<\/p>\n\n\n\n<p>Oaxaca de Ju\u00e1rez, Oax., a 26 de enero de 2023.- Oaxaca sum\u00f3 tres cr\u00edmenes este jueves, uno de ellos un probable feminicidio, un anciano ultimado a balazos y un individuo ejecutado y calcinado.<\/p>\n\n\n\n<p>El m\u00e1s reciente hecho ocurri\u00f3 esta noche, en el paraje \u201cEl Tule\u201d, jurisdicci\u00f3n de San Lorenzo Cacaotepec, Etla, donde fue hallado un cuerpo sin vida, calcinado y con huellas de violencia; la v\u00edctima a\u00fan no ha sido identificada.<\/p>\n\n\n\n<p>Horas antes, en el municipio de Villa Sola de Vega, un sujeto armado dispar\u00f3 en contra de una persona de la tercera edad; tras los gritos de auxilio de su esposa, fue llevado a un hospital p\u00fablico.<\/p>\n\n\n\n<p>Sin embargo, debido a la gravedad de las heridas, perdi\u00f3 la vida poco despu\u00e9s; respondi\u00f3 en vida al nombre de Salvador G. V.; a\u00fan se desconocen los motivos por los cuales fue atacado a balazos.<\/p>\n\n\n\n<p>Como se inform\u00f3, por la ma\u00f1ana, una mujer identificada como Sicar J. G., de 35 a\u00f1os de edad, fue ejecutada a balazos a bordo de su camioneta, en el municipio de San Bartolo Coyotepec, al sur de la capital, cuando regresaba de dejar a sus hijos en la escuela.<\/p>\n\n\n\n<p>En los tres casos no hay personas detenidas; dos casos ocurrieron a la luz del d\u00eda y en zonas pobladas.<\/p>\n\n\n\n<p>Por otra parte, por en\u00e9sima ocasi\u00f3n delincuentes ingresaron al preescolar \u201cIgnacio Allende\u201d, ubicado en la Octava Secci\u00f3n de Juchit\u00e1n de Zaragoza, para robar diversos aparatos y otros art\u00edculos de valor.<\/p>\n\n\n\n<p>Seg\u00fan los padres de familia y directivos del plantel, esta es la sexta ocasi\u00f3n en que roban en dicho plantel; sin embargo no hay ni investigaci\u00f3n ni vigilancia policiaca en la zona, mucho menos detenidos por estos delitos.<\/p>\n","protected":false},"excerpt":{"rendered":"<p>Ismael Garc\u00eda M.\/Zona Roja. Oaxaca de Ju\u00e1rez, Oax., a 26 de enero de 2023.- Oaxaca&hellip;<\/p>\n","protected":false},"author":2,"featured_media":50335,"comment_status":"closed","ping_status":"open","sticky":false,"template":"","format":"standard","meta":{"_lmt_disableupdate":"","_lmt_disable":"","_jetpack_memberships_contains_paid_content":false,"footnotes":""},"categories":[109,51],"tags":[846],"class_list":["post-50938","post","type-post","status-publish","format-standard","has-post-thumbnail","hentry","category-minuto-a-minuto","category-zona-roja","tag-san-lorenzo-cacaotepec"],"jetpack_featured_media_url":"https:\/\/zonaroja.com.mx\/wp-content\/uploads\/2023\/01\/Balazos-violencia-casquillos-escena.jpeg","jetpack_sharing_enabled":true,"_links":{"self":[{"href":"https:\/\/zonaroja.com.mx\/index.php?rest_route=\/wp\/v2\/posts\/50938","targetHints":{"allow":["GET"]}}],"collection":[{"href":"https:\/\/zonaroja.com.mx\/index.php?rest_route=\/wp\/v2\/posts"}],"about":[{"href":"https:\/\/zonaroja.com.mx\/index.php?rest_route=\/wp\/v2\/types\/post"}],"author":[{"embeddable":true,"href":"https:\/\/zonaroja.com.mx\/index.php?rest_route=\/wp\/v2\/users\/2"}],"replies":[{"embeddable":true,"href":"https:\/\/zonaroja.com.mx\/index.php?rest_route=%2Fwp%2Fv2%2Fcomments&post=50938"}],"version-history":[{"count":2,"href":"https:\/\/zonaroja.com.mx\/index.php?rest_route=\/wp\/v2\/posts\/50938\/revisions"}],"predecessor-version":[{"id":50943,"href":"https:\/\/zonaroja.com.mx\/index.php?rest_route=\/wp\/v2\/posts\/50938\/revisions\/50943"}],"wp:featuredmedia":[{"embeddable":true,"href":"https:\/\/zonaroja.com.mx\/index.php?rest_route=\/wp\/v2\/media\/50335"}],"wp:attachment":[{"href":"https:\/\/zonaroja.com.mx\/index.php?rest_route=%2Fwp%2Fv2%2Fmedia&parent=50938"}],"wp:term":[{"taxonomy":"category","embeddable":true,"href":"https:\/\/zonaroja.com.mx\/index.php?rest_route=%2Fwp%2Fv2%2Fcategories&post=50938"},{"taxonomy":"post_tag","embeddable":true,"href":"https:\/\/zonaroja.com.mx\/index.php?rest_route=%2Fwp%2Fv2%2Ftags&post=50938"}],"curies":[{"name":"wp","href":"https:\/\/api.w.org\/{rel}","templated":true}]}}