{"id":50940,"date":"2023-01-26T21:54:05","date_gmt":"2023-01-27T03:54:05","guid":{"rendered":"http:\/\/www.zonaroja.com.mx\/?p=50940"},"modified":"2023-01-26T21:54:09","modified_gmt":"2023-01-27T03:54:09","slug":"pese-a-ola-criminal-asegura-martinez-neri-que-no-hay-inseguridad-en-la-capital","status":"publish","type":"post","link":"https:\/\/zonaroja.com.mx\/?p=50940","title":{"rendered":"Pese a ola criminal, asegura Mart\u00ednez Neri que no hay inseguridad en la capital"},"content":{"rendered":"\n<p>Ismael Garc\u00eda M.\/Zona Roja.<\/p>\n\n\n\n<p>Oaxaca de Ju\u00e1rez, Oax., a 26 de enero de 2023.- Pese a dos cr\u00edmenes ocurridos esta semana, adem\u00e1s de diversos asaltos a transe\u00fantes, en el Centro Hist\u00f3rico, el presidente municipal de Oaxaca de Ju\u00e1rez neg\u00f3 que haya un clima de inseguridad y que prevea la renuncia de funcionarios.<\/p>\n\n\n\n<p>\u201cEstamos trabajando; a diferencia del gobierno pasado, estamos reuni\u00e9ndonos todos los d\u00edas con el gobernador, con todo el sistema de seguridad, instrumentando mecanismos, nos van a apoyar con algunas adquisiciones que haremos, para poner desde sem\u00e1foros hasta c\u00e1maras de video\u201d, dijo en entrevista colectiva.<\/p>\n\n\n\n<p>Al t\u00e9rmino de la sesi\u00f3n de Cabildo de hoy, neg\u00f3 que haya una crisis y fracaso en materia de seguridad p\u00fablica:<\/p>\n\n\n\n<p>\u201cYo creo se est\u00e1 dando una coordinaci\u00f3n ya de esfuerzos entre los tres niveles de gobierno y eso necesariamente tiene que ayudar. En realidad, los \u00edndices que hemos presentado en las \u00faltimas reuniones (de seguridad), dan muestra de disminuci\u00f3n de algunos \u00edndices.<\/p>\n\n\n\n<p>\u201cAlgunos otros suben, pero en lo general hay una disminuci\u00f3n; yo espero que con este apoyo que estamos teniendo y con esta necesario conjunto de reuniones en el Gobierno del estado, pueda incidirse m\u00e1s en seguridad\u201d, dijo.<\/p>\n\n\n\n<p>-Muchos cr\u00edmenes recientes, \u00bfva a haber cambio de estrategias, cambio de funcionarios?, o qu\u00e9 van est\u00e1n haciendo.<\/p>\n\n\n\n<p>-No tanto eso; yo creo que estrategia s\u00ed, estrategia s\u00ed, y para eso nos estamos reuniendo con el Gobierno del Estado.<\/p>\n\n\n\n<p>\u201cY yo creo que se est\u00e1 tomando muy en serio esta situaci\u00f3n; yo veo al gobernador muy activo, est\u00e1 en todas las reuniones, yo estoy tambi\u00e9n, est\u00e1 el cuerpo policiaco, estatal, federal, etc\u00e9tera, y yo creo que las cosas van a avanzar bien.<\/p>\n\n\n\n<p>-\u00bfNo est\u00e1 fracasando la pol\u00edtica p\u00fablica en materia de seguridad? -se cuestion\u00f3 a Mart\u00ednez Neri.<\/p>\n\n\n\n<p>-Yo creo que no, mira, creo que estamos viviendo tambi\u00e9n momentos muy dif\u00edciles en el pa\u00eds; el problema del consumo de drogas, de trasiego, eso incide tambi\u00e9n en estos hechos, que est\u00e1n muy vinculados varios de ellos con los acontecimientos ocurridos.<\/p>\n\n\n\n<figure class=\"wp-block-embed is-type-rich is-provider-twitter wp-block-embed-twitter\"><div class=\"wp-block-embed__wrapper\">\n<div class=\"twitter-tweet\"><blockquote class=\"twitter-tweet\" data-lang=\"es\"><p lang=\"es\" dir=\"ltr\">Sobre la creciente violencia en la ciudad de <a href=\"https:\/\/twitter.com\/hashtag\/Oaxaca?src=hash&amp;ref_src=twsrc%5Etfw\">#Oaxaca<\/a>, el presidente municipal <a href=\"https:\/\/twitter.com\/FMartinezNeri?ref_src=twsrc%5Etfw\">@FMartinezNeri<\/a> neg\u00f3 que haya inseguridad y que vaya a haber renuncia de funcionarios; se revisar\u00e1n estrategias, dijo en entrevista este jueves. <a href=\"https:\/\/t.co\/yCs8KQo1zu\">pic.twitter.com\/yCs8KQo1zu<\/a><\/p>&mdash; Zona Roja Oaxaca (@ZonaRoja_Oaxaca) <a href=\"https:\/\/twitter.com\/ZonaRoja_Oaxaca\/status\/1618728288293363716?ref_src=twsrc%5Etfw\">26 de enero de 2023<\/a><\/blockquote><\/div>\n<\/div><\/figure>\n","protected":false},"excerpt":{"rendered":"<p>Ismael Garc\u00eda M.\/Zona Roja. Oaxaca de Ju\u00e1rez, Oax., a 26 de enero de 2023.- Pese&hellip;<\/p>\n","protected":false},"author":2,"featured_media":50941,"comment_status":"closed","ping_status":"open","sticky":false,"template":"","format":"standard","meta":{"_lmt_disableupdate":"","_lmt_disable":"","_jetpack_memberships_contains_paid_content":false,"footnotes":""},"categories":[109,47],"tags":[2418],"class_list":["post-50940","post","type-post","status-publish","format-standard","has-post-thumbnail","hentry","category-minuto-a-minuto","category-zona-gris","tag-francisco-martinez-neri"],"jetpack_featured_media_url":"https:\/\/zonaroja.com.mx\/wp-content\/uploads\/2023\/01\/Francisco-Martinez-Neri.jpg","jetpack_sharing_enabled":true,"_links":{"self":[{"href":"https:\/\/zonaroja.com.mx\/index.php?rest_route=\/wp\/v2\/posts\/50940","targetHints":{"allow":["GET"]}}],"collection":[{"href":"https:\/\/zonaroja.com.mx\/index.php?rest_route=\/wp\/v2\/posts"}],"about":[{"href":"https:\/\/zonaroja.com.mx\/index.php?rest_route=\/wp\/v2\/types\/post"}],"author":[{"embeddable":true,"href":"https:\/\/zonaroja.com.mx\/index.php?rest_route=\/wp\/v2\/users\/2"}],"replies":[{"embeddable":true,"href":"https:\/\/zonaroja.com.mx\/index.php?rest_route=%2Fwp%2Fv2%2Fcomments&post=50940"}],"version-history":[{"count":1,"href":"https:\/\/zonaroja.com.mx\/index.php?rest_route=\/wp\/v2\/posts\/50940\/revisions"}],"predecessor-version":[{"id":50942,"href":"https:\/\/zonaroja.com.mx\/index.php?rest_route=\/wp\/v2\/posts\/50940\/revisions\/50942"}],"wp:featuredmedia":[{"embeddable":true,"href":"https:\/\/zonaroja.com.mx\/index.php?rest_route=\/wp\/v2\/media\/50941"}],"wp:attachment":[{"href":"https:\/\/zonaroja.com.mx\/index.php?rest_route=%2Fwp%2Fv2%2Fmedia&parent=50940"}],"wp:term":[{"taxonomy":"category","embeddable":true,"href":"https:\/\/zonaroja.com.mx\/index.php?rest_route=%2Fwp%2Fv2%2Fcategories&post=50940"},{"taxonomy":"post_tag","embeddable":true,"href":"https:\/\/zonaroja.com.mx\/index.php?rest_route=%2Fwp%2Fv2%2Ftags&post=50940"}],"curies":[{"name":"wp","href":"https:\/\/api.w.org\/{rel}","templated":true}]}}