{"id":50944,"date":"2023-01-27T06:24:59","date_gmt":"2023-01-27T12:24:59","guid":{"rendered":"http:\/\/www.zonaroja.com.mx\/?p=50944"},"modified":"2023-01-27T06:25:48","modified_gmt":"2023-01-27T12:25:48","slug":"atacan-a-balazos-en-cancun-al-periodista-ruben-dario-cruz","status":"publish","type":"post","link":"https:\/\/zonaroja.com.mx\/?p=50944","title":{"rendered":"Atacan a balazos en Canc\u00fan al periodista Rub\u00e9n Dar\u00edo Cruz"},"content":{"rendered":"\n<p>Redacci\u00f3n\/Zona Roja Cdmx.<\/p>\n\n\n\n<p>Ciudad de M\u00e9xico, a 27 de enero de 2023.- La Fiscal\u00eda de Quintana Roo confirm\u00f3 que el periodista Rub\u00e9n Dario Cruz fue v\u00edctima de un ataque a balazos en Canc\u00fan, Quintana Roo. El periodista sali\u00f3 ileso, pero tuvo que refugiarse en el Cereso de Canc\u00fan.<\/p>\n\n\n\n<p>\u201cAtacan a balazos al periodista Rub\u00e9n Dar\u00edo Cruz en Canc\u00fan, Quintana Roo; el comunicador cuenta con escoltas del mecanismo de protecci\u00f3n; sali\u00f3 ileso y se refugi\u00f3 en el Cereso de esa ciudad\u00bb, escribi\u00f3 la asociaci\u00f3n Alianza de Medios, quienes dieron a conocer el ataque.<\/p>\n\n\n\n<p>De acuerdo con lo reportado por medios locales, los hechos ocurrieron sobre la avenida Nichupt\u00e9 en direcci\u00f3n a la avenida Industrial. El periodista not\u00f3 que un veh\u00edculo color negro lo ven\u00eda siguiendo, despu\u00e9s comenzaron los disparos.<\/p>\n\n\n\n<p>La Fiscal\u00eda de Quintana Roo abri\u00f3 una carpeta de investigaci\u00f3n.<\/p>\n\n\n\n<p>M\u00e9xico es uno de los pa\u00edses m\u00e1s peligrosos para ejercer el periodismo, tan solo en 2022 acumul\u00f3 el 20% de los asesinatos de periodistas en el mundo, de acuerdo con el informe de la organizaci\u00f3n Reporteros Sin Fronteras (RSF).<\/p>\n\n\n\n<p>Aunque durante el a\u00f1o asesinaron a&nbsp;13 periodistas en el pa\u00eds, el reporte se\u00f1ala 11 casos por estar directamente vinculados con su profesi\u00f3n.<\/p>\n\n\n\n<p>(Informaci\u00f3n del sitio \u201cAnimal Pol\u00edtico\u201d)<\/p>\n","protected":false},"excerpt":{"rendered":"<p>Redacci\u00f3n\/Zona Roja Cdmx. Ciudad de M\u00e9xico, a 27 de enero de 2023.- La Fiscal\u00eda de&hellip;<\/p>\n","protected":false},"author":2,"featured_media":50947,"comment_status":"closed","ping_status":"open","sticky":false,"template":"","format":"standard","meta":{"_lmt_disableupdate":"","_lmt_disable":"","_jetpack_memberships_contains_paid_content":false,"footnotes":""},"categories":[109,47],"tags":[3415],"class_list":["post-50944","post","type-post","status-publish","format-standard","has-post-thumbnail","hentry","category-minuto-a-minuto","category-zona-gris","tag-periodista-ruben-dario"],"jetpack_featured_media_url":"https:\/\/zonaroja.com.mx\/wp-content\/uploads\/2023\/01\/Atentado-periodista-Ruben-Dario.jpeg","jetpack_sharing_enabled":true,"_links":{"self":[{"href":"https:\/\/zonaroja.com.mx\/index.php?rest_route=\/wp\/v2\/posts\/50944","targetHints":{"allow":["GET"]}}],"collection":[{"href":"https:\/\/zonaroja.com.mx\/index.php?rest_route=\/wp\/v2\/posts"}],"about":[{"href":"https:\/\/zonaroja.com.mx\/index.php?rest_route=\/wp\/v2\/types\/post"}],"author":[{"embeddable":true,"href":"https:\/\/zonaroja.com.mx\/index.php?rest_route=\/wp\/v2\/users\/2"}],"replies":[{"embeddable":true,"href":"https:\/\/zonaroja.com.mx\/index.php?rest_route=%2Fwp%2Fv2%2Fcomments&post=50944"}],"version-history":[{"count":1,"href":"https:\/\/zonaroja.com.mx\/index.php?rest_route=\/wp\/v2\/posts\/50944\/revisions"}],"predecessor-version":[{"id":50946,"href":"https:\/\/zonaroja.com.mx\/index.php?rest_route=\/wp\/v2\/posts\/50944\/revisions\/50946"}],"wp:featuredmedia":[{"embeddable":true,"href":"https:\/\/zonaroja.com.mx\/index.php?rest_route=\/wp\/v2\/media\/50947"}],"wp:attachment":[{"href":"https:\/\/zonaroja.com.mx\/index.php?rest_route=%2Fwp%2Fv2%2Fmedia&parent=50944"}],"wp:term":[{"taxonomy":"category","embeddable":true,"href":"https:\/\/zonaroja.com.mx\/index.php?rest_route=%2Fwp%2Fv2%2Fcategories&post=50944"},{"taxonomy":"post_tag","embeddable":true,"href":"https:\/\/zonaroja.com.mx\/index.php?rest_route=%2Fwp%2Fv2%2Ftags&post=50944"}],"curies":[{"name":"wp","href":"https:\/\/api.w.org\/{rel}","templated":true}]}}