{"id":50949,"date":"2023-01-27T09:25:00","date_gmt":"2023-01-27T15:25:00","guid":{"rendered":"http:\/\/www.zonaroja.com.mx\/?p=50949"},"modified":"2023-01-27T06:32:45","modified_gmt":"2023-01-27T12:32:45","slug":"tiene-nuevo-fiscal-primera-protesta-ante-impunidad-de-director-de-feri","status":"publish","type":"post","link":"https:\/\/zonaroja.com.mx\/?p=50949","title":{"rendered":"Tiene nuevo fiscal primera protesta, ante impunidad de director de FERI"},"content":{"rendered":"\n<p>Yuridiana Sosa\/Zona Roja.<\/p>\n\n\n\n<p>Oaxaca de Ju\u00e1rez, Oax., a 26 de enero de 2023.- La injusticia y abusos cometidos desde la Fiscal\u00eda General de Oaxaca impulsaron a una mujer polic\u00eda a romper filas y manifestarse durante la presentaci\u00f3n del nuevo fiscal Bernardo Rodr\u00edguez Alamilla.<\/p>\n\n\n\n<p>Alfonsa Mart\u00ednez, elemento en la Agencia Estatal de Investigaci\u00f3n, fue v\u00edctima de m\u00faltiples abusos por parte del director del Fuerza Especial de Reacci\u00f3n Inmediata (FERI), Te\u00f3filo Ruiz Carmona, entre el 2019 y 2020, a quien los dos anteriores fiscales no tocaron y sigue en el cargo.<\/p>\n\n\n\n<p>Este jueves, durante la presentaci\u00f3n de Rodr\u00edguez Alamilla con trabajadores en las oficias de la instituci\u00f3n ubicadas en el edifico de La Experimental, en San Antonio de la Cal, Alfonsa volvi\u00f3 a alzar la voz.<\/p>\n\n\n\n<p>\u201cSr. Fiscal, soy v\u00edctima, mi agresor Te\u00f3filo del grupo FERI sigue en su mismo cargo, tres a\u00f1os de impunidad\u201d, se ley\u00f3 en la cartulina que la mujer polic\u00eda port\u00f3, en silencio, ataviada en su uniforme y llena de miedo.<\/p>\n\n\n\n<p>LA PROTESTA<\/p>\n\n\n\n<p>\u201c Tuve miedo, pero me arm\u00e9 de valor\u201d, expres\u00f3 Alfonsa Mart\u00ednez en entrevista para ZONA ROJA.<\/p>\n\n\n\n<p>La llegada de un nuevo fiscal la impuls\u00f3 a volver a romper en silencio luego que ni Rub\u00e9n Vasconcelos ni Arturo Peimbert cumplieran con hacerle justicia. Nunca hubo avances a pesar de las promesas.<\/p>\n\n\n\n<p>Alfonsa perdi\u00f3 un beb\u00e9 en gestaci\u00f3n tras participar en un operativo asignado en represalia a su rechazo a su superior, quien a la llegada de ella a la FERI \u2014en marzo de 2019\u2014, como parte de su superaci\u00f3n laboral y profesional, el director trat\u00f3 de abusar sexualmente de ella, y despu\u00e9s la reubic\u00f3 de unidad, con menos salario, como una represi\u00f3n.<\/p>\n\n\n\n<p>Su caso, como el de otra compa\u00f1era que tuvo que renunciar por las fuertes amenazas, no debe quedar impune, segura.<\/p>\n\n\n\n<p>Confiada en la llegada de una nueva autoridad a la Fiscal\u00eda y de un nuevo gobierno estatal, Alfonsa sali\u00f3 de las filas durante la formaci\u00f3n para hacerse visible.<\/p>\n\n\n\n<p>\u201cCompa\u00f1era, me permites\u201d, le dijo el Fiscal desde su lugar cuando hablaba en el micr\u00f3fono.<\/p>\n\n\n\n<p>Tras el acto, Alfonsa fue atendida de manera informal por el fiscal, quien realiz\u00f3 la misma promesa que sus antecesores: revisar el caso.<\/p>\n\n\n\n<p>CORAJE Y MIEDO<\/p>\n\n\n\n<p>La mujer trabaja con miedo en la corporaci\u00f3n a pesar que su agresor est\u00e1 f\u00edsicamente en otras oficinas.<\/p>\n\n\n\n<p>Su labor de 16 a\u00f1os en la Fiscal\u00eda se ha convertido en una pesadilla desde marzo de 2019.<\/p>\n\n\n\n<p>\u201cTengo miedo que sigan las amenazas ahora que alzo la voz otra vez. Por eso hago responsable a mi agresor si algo me pasa y a mi familia\u201d, apunt\u00f3.<\/p>\n\n\n\n<p>Pues el temor de Alfonsa est\u00e1 sostenido en el aparente poder que Te\u00f3filo Ruiz tiene dentro de la Fiscal\u00eda al no ser removido de su cargo y ni siquiera sancionado por los actos violatorios que ha cometido.<\/p>\n\n\n\n<p>\u201cTengo coraje e impotencia tambi\u00e9n, que dentro de la misma Fiscal\u00eda nos sigan violentando con esa desatenci\u00f3n e injusticia. Pero cada d\u00eda 25 de mes por el D\u00eda Naranja nos hacen portar distintivo naranja para decir no a la violencia contra las mujeres\u201d, refiere la v\u00edctima, quien espera que ahora s\u00ed haya justicia.<\/p>\n\n\n\n<p>LA DENUNCIA<\/p>\n\n\n\n<p>Por los hechos se levant\u00f3 una denuncia ante la Fiscal\u00eda Especializada para la Atenci\u00f3n a Delitos Contra la Mujer por Raz\u00f3n de G\u00e9nero y en la Defensor\u00eda de Derechos Humanos del Pueblo de Oaxaca con el expediente DDHPO\/725\/(01)\/ OAX\/2019.<\/p>\n\n\n\n<p>As\u00ed tambi\u00e9n, por distintos abusos m\u00e1s, Alfonsa tambi\u00e9n responsabiliz\u00f3 al ex director de la Agencia Estatal de Investigaci\u00f3n, el Comandante, Francisco Ginez; el Supervisor Comandante, Sonfon\u00edas Hern\u00e1ndez y la Comandante de Feminicidios, Elizabeth Torija.<\/p>\n\n\n\n<p>Alfonsa apunt\u00f3 que las polic\u00edas de nuevo ingres\u00f3 siguen siendo v\u00edctimas de abusos laborales por rechazar el acoso y abuso sexual de los superiores, pero no denuncian por miedo y por ver la impunidad que existe en los dos casos denunciados de manera p\u00fablica.<\/p>\n","protected":false},"excerpt":{"rendered":"<p>Yuridiana Sosa\/Zona Roja. Oaxaca de Ju\u00e1rez, Oax., a 26 de enero de 2023.- La injusticia&hellip;<\/p>\n","protected":false},"author":2,"featured_media":50950,"comment_status":"closed","ping_status":"open","sticky":false,"template":"","format":"standard","meta":{"_lmt_disableupdate":"","_lmt_disable":"","_jetpack_memberships_contains_paid_content":false,"footnotes":""},"categories":[109,47],"tags":[494],"class_list":["post-50949","post","type-post","status-publish","format-standard","has-post-thumbnail","hentry","category-minuto-a-minuto","category-zona-gris","tag-fiscalia-general-del-estado-de-oaxaca"],"jetpack_featured_media_url":"https:\/\/zonaroja.com.mx\/wp-content\/uploads\/2023\/01\/Alfonsa-Martinez-FERI-Fiscalia.jpg","jetpack_sharing_enabled":true,"_links":{"self":[{"href":"https:\/\/zonaroja.com.mx\/index.php?rest_route=\/wp\/v2\/posts\/50949","targetHints":{"allow":["GET"]}}],"collection":[{"href":"https:\/\/zonaroja.com.mx\/index.php?rest_route=\/wp\/v2\/posts"}],"about":[{"href":"https:\/\/zonaroja.com.mx\/index.php?rest_route=\/wp\/v2\/types\/post"}],"author":[{"embeddable":true,"href":"https:\/\/zonaroja.com.mx\/index.php?rest_route=\/wp\/v2\/users\/2"}],"replies":[{"embeddable":true,"href":"https:\/\/zonaroja.com.mx\/index.php?rest_route=%2Fwp%2Fv2%2Fcomments&post=50949"}],"version-history":[{"count":1,"href":"https:\/\/zonaroja.com.mx\/index.php?rest_route=\/wp\/v2\/posts\/50949\/revisions"}],"predecessor-version":[{"id":50951,"href":"https:\/\/zonaroja.com.mx\/index.php?rest_route=\/wp\/v2\/posts\/50949\/revisions\/50951"}],"wp:featuredmedia":[{"embeddable":true,"href":"https:\/\/zonaroja.com.mx\/index.php?rest_route=\/wp\/v2\/media\/50950"}],"wp:attachment":[{"href":"https:\/\/zonaroja.com.mx\/index.php?rest_route=%2Fwp%2Fv2%2Fmedia&parent=50949"}],"wp:term":[{"taxonomy":"category","embeddable":true,"href":"https:\/\/zonaroja.com.mx\/index.php?rest_route=%2Fwp%2Fv2%2Fcategories&post=50949"},{"taxonomy":"post_tag","embeddable":true,"href":"https:\/\/zonaroja.com.mx\/index.php?rest_route=%2Fwp%2Fv2%2Ftags&post=50949"}],"curies":[{"name":"wp","href":"https:\/\/api.w.org\/{rel}","templated":true}]}}