{"id":50952,"date":"2023-01-27T07:08:40","date_gmt":"2023-01-27T13:08:40","guid":{"rendered":"http:\/\/www.zonaroja.com.mx\/?p=50952"},"modified":"2023-01-27T07:08:44","modified_gmt":"2023-01-27T13:08:44","slug":"accidentes-viales-en-carreteras-de-oaxaca-dejan-cuatro-muertos","status":"publish","type":"post","link":"https:\/\/zonaroja.com.mx\/?p=50952","title":{"rendered":"Accidentes viales en carreteras de Oaxaca dejan cuatro muertos"},"content":{"rendered":"\n<p>Redacci\u00f3n\/Zona Roja.<\/p>\n\n\n\n<p>Oaxaca de Ju\u00e1rez, Oax., a 27 de enero de 2023.- Cuatro personas fallecidas y al menos cinco lesionadas es el saldo de tres accidentes carreteros ocurridos este jueves en Oaxaca.<\/p>\n\n\n\n<p>Cerca del mediod\u00eda de ayer en la supercarretera Oaxaca-M\u00e9xico, a la altura del kil\u00f3metro 98, jurisdicci\u00f3n de Tepelmeme Villa de Morelos, volc\u00f3 un tr\u00e1iler de una empresa refresquera.<\/p>\n\n\n\n<p>El conductor result\u00f3 lesionado de gravedad mientras que la mujer, identificada como Elizabeth P. R., perdi\u00f3 la vida.<\/p>\n\n\n\n<p>Ayer por la tarde, en el kil\u00f3metro 118 de la carretera federal 200, en inmediaciones de la Villa de Tututepec, se suscit\u00f3 otro percance.<\/p>\n\n\n\n<p>Un veh\u00edculo de una agencia de viajes choc\u00f3 con una camioneta de transporte de carga y pasajeros; ello dej\u00f3 como saldo un en la unidad particular fallecido, Francisco R. V., y dos lesionados, estos dos \u00faltimos de origen extranjero.<\/p>\n\n\n\n<p>Mientras que en la camioneta de transporte falleci\u00f3 tambi\u00e9n el conductor y resultaron lesionadas dos personas.<\/p>\n\n\n\n<p>En tanto que por la ma\u00f1ana de ayer, a un costado de la carretera federal 190 Oaxaca-M\u00e9xico, a la altura de Santiago Suchilquitongo, fue arrollado y muerto un motociclista.<\/p>\n\n\n\n<p>Era trabajador de una farmacia en la ciudad de Oaxaca y el autor del atropellamiento huy\u00f3 de la zona de inmediato.<\/p>\n","protected":false},"excerpt":{"rendered":"<p>Redacci\u00f3n\/Zona Roja. Oaxaca de Ju\u00e1rez, Oax., a 27 de enero de 2023.- Cuatro personas fallecidas&hellip;<\/p>\n","protected":false},"author":2,"featured_media":50954,"comment_status":"closed","ping_status":"open","sticky":false,"template":"","format":"standard","meta":{"_lmt_disableupdate":"","_lmt_disable":"","_jetpack_memberships_contains_paid_content":false,"footnotes":""},"categories":[109,47],"tags":[3416],"class_list":["post-50952","post","type-post","status-publish","format-standard","has-post-thumbnail","hentry","category-minuto-a-minuto","category-zona-gris","tag-accidentes-carreteros-oaxaca"],"jetpack_featured_media_url":"https:\/\/zonaroja.com.mx\/wp-content\/uploads\/2023\/01\/Accidente-carretero-Costa.jpg","jetpack_sharing_enabled":true,"_links":{"self":[{"href":"https:\/\/zonaroja.com.mx\/index.php?rest_route=\/wp\/v2\/posts\/50952","targetHints":{"allow":["GET"]}}],"collection":[{"href":"https:\/\/zonaroja.com.mx\/index.php?rest_route=\/wp\/v2\/posts"}],"about":[{"href":"https:\/\/zonaroja.com.mx\/index.php?rest_route=\/wp\/v2\/types\/post"}],"author":[{"embeddable":true,"href":"https:\/\/zonaroja.com.mx\/index.php?rest_route=\/wp\/v2\/users\/2"}],"replies":[{"embeddable":true,"href":"https:\/\/zonaroja.com.mx\/index.php?rest_route=%2Fwp%2Fv2%2Fcomments&post=50952"}],"version-history":[{"count":1,"href":"https:\/\/zonaroja.com.mx\/index.php?rest_route=\/wp\/v2\/posts\/50952\/revisions"}],"predecessor-version":[{"id":50955,"href":"https:\/\/zonaroja.com.mx\/index.php?rest_route=\/wp\/v2\/posts\/50952\/revisions\/50955"}],"wp:featuredmedia":[{"embeddable":true,"href":"https:\/\/zonaroja.com.mx\/index.php?rest_route=\/wp\/v2\/media\/50954"}],"wp:attachment":[{"href":"https:\/\/zonaroja.com.mx\/index.php?rest_route=%2Fwp%2Fv2%2Fmedia&parent=50952"}],"wp:term":[{"taxonomy":"category","embeddable":true,"href":"https:\/\/zonaroja.com.mx\/index.php?rest_route=%2Fwp%2Fv2%2Fcategories&post=50952"},{"taxonomy":"post_tag","embeddable":true,"href":"https:\/\/zonaroja.com.mx\/index.php?rest_route=%2Fwp%2Fv2%2Ftags&post=50952"}],"curies":[{"name":"wp","href":"https:\/\/api.w.org\/{rel}","templated":true}]}}