{"id":50961,"date":"2023-01-27T11:17:00","date_gmt":"2023-01-27T17:17:00","guid":{"rendered":"http:\/\/www.zonaroja.com.mx\/?p=50961"},"modified":"2023-01-27T08:24:25","modified_gmt":"2023-01-27T14:24:25","slug":"designan-en-servicios-de-salud-de-oaxaca-a-funcionaria-inhabilitada","status":"publish","type":"post","link":"https:\/\/zonaroja.com.mx\/?p=50961","title":{"rendered":"Designan en Servicios de Salud de Oaxaca a funcionaria inhabilitada"},"content":{"rendered":"\n<p>Redacci\u00f3n\/Informativo 570.<\/p>\n\n\n\n<p>Oaxaca de Ju\u00e1rez, Oax., a 27 de enero de 2023.- Trabajadores sindicalizados de la Secci\u00f3n 73 de las Oficinas Centrales de los Servicios de Salud de Oaxaca (SSO), protestaron contra los malos tratos que reciben de la reci\u00e9n nombrada subdirectora de Administraci\u00f3n y Finanzas, Araceli Z\u00e1rate Ortiz y piden su destituci\u00f3n.<\/p>\n\n\n\n<p>Mediante un oficio dirigido a la titular de los SSO, Alma Lilia Velasco Hern\u00e1ndez, el delegado sindical Jos\u00e9 Daniel Del Rio Salazar, se\u00f1al\u00f3 que la base trabajadora ha mostrado su inconformidad contra la mala actitud de la funcionaria, cuya puesto ni siquiera existe dentro de la estructura de la dependencia.&nbsp;<\/p>\n\n\n\n<p>\u201cEsto aunado a que presenta una observaci\u00f3n o inhabilitaci\u00f3n, misma que es de dominio p\u00fablico, lo que lastima los principios y valores del gobierno que representan\u201d, se\u00f1ala el documento.&nbsp;<\/p>\n\n\n\n<p>Establece adem\u00e1s que los cambios repentinos en la estructura de la instituci\u00f3n, afectan directamente los tr\u00e1mites que se hacen para beneficio de los trabajadores, en donde se forman comisiones integradas por autoridad y sindicato.<\/p>\n\n\n\n<p>A\u00f1ade que como Delegaci\u00f3n Sindical y Sindicato N\u00famero 73, hacen extensa su inconformidad por las decisiones arbitrarias que est\u00e1 tomando Araceli Z\u00e1rate Ortiz y su equipo de trabajo.<\/p>\n\n\n\n<p>\u201cExhortamos a usted haga la destituci\u00f3n del cargo y funciones de la funcionaria antes citada, ya que cualquier falta o afectaci\u00f3n a los derechos de nuestros trabajadores tomaremos otro tipo de acciones de forma inmediata\u201d, advierten.<\/p>\n","protected":false},"excerpt":{"rendered":"<p>Redacci\u00f3n\/Informativo 570. Oaxaca de Ju\u00e1rez, Oax., a 27 de enero de 2023.- Trabajadores sindicalizados de&hellip;<\/p>\n","protected":false},"author":2,"featured_media":50962,"comment_status":"closed","ping_status":"open","sticky":false,"template":"","format":"standard","meta":{"_lmt_disableupdate":"","_lmt_disable":"","_jetpack_memberships_contains_paid_content":false,"footnotes":""},"categories":[109,47],"tags":[1005],"class_list":["post-50961","post","type-post","status-publish","format-standard","has-post-thumbnail","hentry","category-minuto-a-minuto","category-zona-gris","tag-servicios-de-salud-de-oaxaca-sso"],"jetpack_featured_media_url":"https:\/\/zonaroja.com.mx\/wp-content\/uploads\/2023\/01\/Oficio-sindicato-Salud-funcionaria.jpg","jetpack_sharing_enabled":true,"_links":{"self":[{"href":"https:\/\/zonaroja.com.mx\/index.php?rest_route=\/wp\/v2\/posts\/50961","targetHints":{"allow":["GET"]}}],"collection":[{"href":"https:\/\/zonaroja.com.mx\/index.php?rest_route=\/wp\/v2\/posts"}],"about":[{"href":"https:\/\/zonaroja.com.mx\/index.php?rest_route=\/wp\/v2\/types\/post"}],"author":[{"embeddable":true,"href":"https:\/\/zonaroja.com.mx\/index.php?rest_route=\/wp\/v2\/users\/2"}],"replies":[{"embeddable":true,"href":"https:\/\/zonaroja.com.mx\/index.php?rest_route=%2Fwp%2Fv2%2Fcomments&post=50961"}],"version-history":[{"count":1,"href":"https:\/\/zonaroja.com.mx\/index.php?rest_route=\/wp\/v2\/posts\/50961\/revisions"}],"predecessor-version":[{"id":50963,"href":"https:\/\/zonaroja.com.mx\/index.php?rest_route=\/wp\/v2\/posts\/50961\/revisions\/50963"}],"wp:featuredmedia":[{"embeddable":true,"href":"https:\/\/zonaroja.com.mx\/index.php?rest_route=\/wp\/v2\/media\/50962"}],"wp:attachment":[{"href":"https:\/\/zonaroja.com.mx\/index.php?rest_route=%2Fwp%2Fv2%2Fmedia&parent=50961"}],"wp:term":[{"taxonomy":"category","embeddable":true,"href":"https:\/\/zonaroja.com.mx\/index.php?rest_route=%2Fwp%2Fv2%2Fcategories&post=50961"},{"taxonomy":"post_tag","embeddable":true,"href":"https:\/\/zonaroja.com.mx\/index.php?rest_route=%2Fwp%2Fv2%2Ftags&post=50961"}],"curies":[{"name":"wp","href":"https:\/\/api.w.org\/{rel}","templated":true}]}}