{"id":50964,"date":"2023-01-27T11:24:00","date_gmt":"2023-01-27T17:24:00","guid":{"rendered":"http:\/\/www.zonaroja.com.mx\/?p=50964"},"modified":"2023-01-27T12:13:35","modified_gmt":"2023-01-27T18:13:35","slug":"pend1-13","status":"publish","type":"post","link":"https:\/\/zonaroja.com.mx\/?p=50964","title":{"rendered":"Alicia Mar\u00eda desapareci\u00f3 en su casa hace cinco a\u00f1os y nadie sabe nada de ella"},"content":{"rendered":"\n<p>Redacci\u00f3n\/Zona Roja.&nbsp;<\/p>\n\n\n\n<p>Oaxaca de Ju\u00e1rez, Oax., a 27 de enero de 2023.- Justo hace cinco a\u00f1os desapareci\u00f3 de su casa y nadie sabe de ella. Ten\u00eda entonces 27 a\u00f1os de edad. <\/p>\n\n\n\n<p>Alicia Mar\u00eda Delgado Rinc\u00f3n fue vista por \u00faltima vez el 27 de enero de 2018 en su casa ubicada en la agencia de San Mart\u00edn Mexic\u00e1pam, ciudad de Oaxaca. Y a\u00fan no aparece.<\/p>\n\n\n\n<p>Por eso, esta ma\u00f1ana en el z\u00f3calo de la capital, su madre, la se\u00f1ora Mar\u00eda, acompa\u00f1ada de un grupo de activistas, pidi\u00f3 a los medios de comunicaci\u00f3n apoyar en su b\u00fasqueda. <\/p>\n\n\n\n<p>\u201cFamiliares y amigos emprendimos una intensa b\u00fasqueda, acudimos a diversas instancias de procuraci\u00f3n de justicia, sin embargo, esos funcionarios no hicieron lo necesario para dar con el paradero de Alicia, han pasado ya cinco a\u00f1os sin que se cuente con informaci\u00f3n certera sobre su caso; s\u00ed como el caso de mi hija, existen cientos de mujeres en Oaxaca\u201d, expuso en la conferencia. <\/p>\n\n\n\n<p>Seg\u00fan datos que dio a conocer, tan solo en la ciudad de Oaxaca de Ju\u00e1rez se presentaron 581 denuncias por desapariciones de mujeres de 2017 a 2022 y el municipio cuenta con la incidencia m\u00e1s alta de esta categor\u00eda al sumar 320 casos presentados.<\/p>\n\n\n\n<p>Esto, tomando en cuenta que desde el 1 de diciembre de 2016 hasta el 1 de mayo de 2022 se han reportado mil 712 desapariciones de mujeres en Oaxaca sin sumar aquellas no registradas o reportadas por las familias.&nbsp;<\/p>\n\n\n\n<p>\u201cDurante estos cinco a\u00f1os la familia y amigos hemos navegado contracorriente en la lucha por esclarecer el caso de la desaparici\u00f3n de Mar\u00eda Alicia; en los \u00faltimos a\u00f1os se ha caminado conjuntamente con la Fiscal\u00eda General del Estado y la Comisi\u00f3n Estatal de B\u00fasqueda de personas no localizadas.<\/p>\n\n\n\n<p>\u201cHoy 27 de enero del presente a\u00f1o se cumplen otro a\u00f1o de angustia y desesperaci\u00f3n, de una b\u00fasqueda imparable por Alicia, por lo que esta fecha no queremos que pase desapercibida.<\/p>\n\n\n\n<p>\u201cHacemos un llamado al Gobierno del Estado y principalmente al nuevo fiscal para que retome este y muchos casos m\u00e1s de mujeres desaparecidas, que no pase como los anteriores fiscales quienes se olvidaron completamente de nuestros familiares\u201d, se\u00f1al\u00f3 do\u00f1a Mary.<\/p>\n\n\n\n<figure class=\"wp-block-embed\"><div class=\"wp-block-embed__wrapper\">\n<div class=\"twitter-tweet\"><blockquote class=\"twitter-tweet\" data-lang=\"es\"><p lang=\"es\" dir=\"ltr\"><a href=\"https:\/\/twitter.com\/hashtag\/%C3%9AltimoMinuto?src=hash&amp;ref_src=twsrc%5Etfw\">#\u00daltimoMinuto<\/a><br>A cuatro a\u00f1os de su desaparici\u00f3n, no localizan a Alicia Mar\u00eda Delgado Alarc\u00f3n, su familia la sigue buscando. <br>Desapareci\u00f3 en San Mart\u00edn Mexic\u00e1pam, <a href=\"https:\/\/twitter.com\/hashtag\/Oaxaca?src=hash&amp;ref_src=twsrc%5Etfw\">#Oaxaca<\/a> de Ju\u00e1rez, el 27 de enero de 2018.<br>En conferencia de prensa, piden apoyo de la sociedad para localizarla. <a href=\"https:\/\/t.co\/uZlAOQTpiw\">pic.twitter.com\/uZlAOQTpiw<\/a><\/p>&mdash; Zona Roja Oaxaca (@ZonaRoja_Oaxaca) <a href=\"https:\/\/twitter.com\/ZonaRoja_Oaxaca\/status\/1619006491998187521?ref_src=twsrc%5Etfw\">27 de enero de 2023<\/a><\/blockquote><\/div>\n<\/div><\/figure>\n","protected":false},"excerpt":{"rendered":"<p>Redacci\u00f3n\/Zona Roja.&nbsp; Oaxaca de Ju\u00e1rez, Oax., a 27 de enero de 2023.- Justo hace cinco&hellip;<\/p>\n","protected":false},"author":2,"featured_media":50970,"comment_status":"closed","ping_status":"open","sticky":false,"template":"","format":"standard","meta":{"_lmt_disableupdate":"","_lmt_disable":"","_jetpack_memberships_contains_paid_content":false,"footnotes":""},"categories":[109,47],"tags":[],"class_list":["post-50964","post","type-post","status-publish","format-standard","has-post-thumbnail","hentry","category-minuto-a-minuto","category-zona-gris"],"jetpack_featured_media_url":"https:\/\/zonaroja.com.mx\/wp-content\/uploads\/2023\/01\/9e841e55-90ec-4f24-9593-46d00b2ec6b3.jpg","jetpack_sharing_enabled":true,"_links":{"self":[{"href":"https:\/\/zonaroja.com.mx\/index.php?rest_route=\/wp\/v2\/posts\/50964","targetHints":{"allow":["GET"]}}],"collection":[{"href":"https:\/\/zonaroja.com.mx\/index.php?rest_route=\/wp\/v2\/posts"}],"about":[{"href":"https:\/\/zonaroja.com.mx\/index.php?rest_route=\/wp\/v2\/types\/post"}],"author":[{"embeddable":true,"href":"https:\/\/zonaroja.com.mx\/index.php?rest_route=\/wp\/v2\/users\/2"}],"replies":[{"embeddable":true,"href":"https:\/\/zonaroja.com.mx\/index.php?rest_route=%2Fwp%2Fv2%2Fcomments&post=50964"}],"version-history":[{"count":2,"href":"https:\/\/zonaroja.com.mx\/index.php?rest_route=\/wp\/v2\/posts\/50964\/revisions"}],"predecessor-version":[{"id":50971,"href":"https:\/\/zonaroja.com.mx\/index.php?rest_route=\/wp\/v2\/posts\/50964\/revisions\/50971"}],"wp:featuredmedia":[{"embeddable":true,"href":"https:\/\/zonaroja.com.mx\/index.php?rest_route=\/wp\/v2\/media\/50970"}],"wp:attachment":[{"href":"https:\/\/zonaroja.com.mx\/index.php?rest_route=%2Fwp%2Fv2%2Fmedia&parent=50964"}],"wp:term":[{"taxonomy":"category","embeddable":true,"href":"https:\/\/zonaroja.com.mx\/index.php?rest_route=%2Fwp%2Fv2%2Fcategories&post=50964"},{"taxonomy":"post_tag","embeddable":true,"href":"https:\/\/zonaroja.com.mx\/index.php?rest_route=%2Fwp%2Fv2%2Ftags&post=50964"}],"curies":[{"name":"wp","href":"https:\/\/api.w.org\/{rel}","templated":true}]}}