{"id":50968,"date":"2023-01-27T16:25:00","date_gmt":"2023-01-27T22:25:00","guid":{"rendered":"http:\/\/www.zonaroja.com.mx\/?p=50968"},"modified":"2023-01-27T19:07:13","modified_gmt":"2023-01-28T01:07:13","slug":"pend3","status":"publish","type":"post","link":"https:\/\/zonaroja.com.mx\/?p=50968","title":{"rendered":"Emplaza Secci\u00f3n 22 a recibir toma de nota en una semana; marchan en Oaxaca"},"content":{"rendered":"\n<p>Yuridiana Sosa\/Zona Roja.<\/p>\n\n\n\n<p>Oaxaca de Ju\u00e1rez, Oax., a 27 de enero de 2023.- A m\u00e1s de dos meses de la elecci\u00f3n del nuevo Comit\u00e9 Ejecutivo, la Secci\u00f3n 22 del Sindicato Nacional de Trabajadores de la Educaci\u00f3n (SNTE) march\u00f3 en Oaxaca para exigir al gobierno estatal y federal el cumplimiento con la toma de nota que le d\u00e9 plena legalidad a la representaci\u00f3n sindical.<\/p>\n\n\n\n<p>En el primer encuentro que la gremial sostuvo con el gobierno estatal de Salom\u00f3n Jara Cruz, en diciembre pasado 8 de diciembre, el mandatario se comprometi\u00f3 a ser intermediario para agilizar las acciones necesarias ante el Tribunal Federal de Conciliaci\u00f3n y Arbitraje para que la seccional recibiera el reconocimiento lo antes posible, tras su elecci\u00f3n el 25 de noviembre.<\/p>\n\n\n\n<p>Ante el atraso, el Comit\u00e9 Ejecutivo Seccional 2022-2026 encabezado por Yenny Aracely P\u00e9rez Mart\u00ednez, emplaz\u00f3 a las autoridades a que en el transcurso de una semana les hagan entrega del oficio, pues la documentaci\u00f3n respectiva ya fue entregada.<\/p>\n\n\n\n<p>As\u00ed lo dieron a conocer en conferencia de prensa este viernes desde el auditorio \u201cProf. Enedino Jim\u00e9nez Jim\u00e9nez\u00bb del hotel del magisterio, mientras una representaci\u00f3n de las bases, acompa\u00f1ada por normalistas y organizaciones continuaron la marcha hasta el z\u00f3calo de la ciudad de Oaxaca.<\/p>\n\n\n\n<p>La secretaria general se\u00f1al\u00f3 que el Movimiento de Trabajadores de la Educaci\u00f3n en Oaxaca (MDTEO) \u201cest\u00e1 m\u00e1s vivo que nunca\u201d y alert\u00f3 a los gobiernos que la Secci\u00f3n 22 \u201cest\u00e1 lista para dar la batalla\u201d en defensa de sus derechos.<\/p>\n\n\n\n<p>Asever\u00f3 que los gobiernos que han alternado en el poder, ninguno, ha resuelto las necesidades b\u00e1sicas del pueblo y se han encargado de violentar los derechos laborales de los trabajadores de la educaci\u00f3n, por lo tanto, el MDTEO mantiene su independencia con cualquier partido pol\u00edtico.<\/p>\n\n\n\n<p>Por otra parte, a marcha se desarroll\u00f3 desde la agencia de Santa Rosa Panzacola, de la capital, sobre la carretera federal 190, sin incidentes y hasta \u201cdesangela\u201d; sin la presencia de sus l\u00edderes, el contingente lleg\u00f3 al z\u00f3calo.\u00a0<\/p>\n\n\n\n<p>La movilizaci\u00f3n ocurri\u00f3 para respaldar la Asamblea Estatal de este viernes, en que estuvieron presentes representantes de instancias federales para confirmar la legalidad del Comit\u00e9 Ejecutivo, aunque a\u00fan falta la toma de nota para la dirigencia.<\/p>\n\n\n\n<figure class=\"wp-block-embed is-type-rich is-provider-twitter wp-block-embed-twitter\"><div class=\"wp-block-embed__wrapper\">\n<div class=\"twitter-tweet\"><blockquote class=\"twitter-tweet\" data-lang=\"es\"><p lang=\"es\" dir=\"ltr\"><a href=\"https:\/\/twitter.com\/hashtag\/ENVIVO?src=hash&amp;ref_src=twsrc%5Etfw\">#ENVIVO<\/a><br>Oaxaca de Ju\u00e1rez, Oax., a 27 de enero de 2023.- Conferencia de prensa de la Secci\u00f3n 22 del SNTE, respecto a la Toma de Nota de la nueva dirigencia.<br>\ud83d\udc47<a href=\"https:\/\/t.co\/9U50Qc6Akg\">https:\/\/t.co\/9U50Qc6Akg<\/a> <a href=\"https:\/\/t.co\/MaqSaMRQcx\">pic.twitter.com\/MaqSaMRQcx<\/a><\/p>&mdash; Zona Roja Oaxaca (@ZonaRoja_Oaxaca) <a href=\"https:\/\/twitter.com\/ZonaRoja_Oaxaca\/status\/1619069263893106688?ref_src=twsrc%5Etfw\">27 de enero de 2023<\/a><\/blockquote><\/div>\n<\/div><\/figure>\n","protected":false},"excerpt":{"rendered":"<p>Yuridiana Sosa\/Zona Roja. Oaxaca de Ju\u00e1rez, Oax., a 27 de enero de 2023.- A m\u00e1s&hellip;<\/p>\n","protected":false},"author":2,"featured_media":50972,"comment_status":"closed","ping_status":"open","sticky":false,"template":"","format":"standard","meta":{"_lmt_disableupdate":"","_lmt_disable":"","_jetpack_memberships_contains_paid_content":false,"footnotes":""},"categories":[109,47],"tags":[312],"class_list":["post-50968","post","type-post","status-publish","format-standard","has-post-thumbnail","hentry","category-minuto-a-minuto","category-zona-gris","tag-seccion-22-del-snte"],"jetpack_featured_media_url":"https:\/\/zonaroja.com.mx\/wp-content\/uploads\/2023\/01\/Asamblea-Estatal-Seccion-22.png","jetpack_sharing_enabled":true,"_links":{"self":[{"href":"https:\/\/zonaroja.com.mx\/index.php?rest_route=\/wp\/v2\/posts\/50968","targetHints":{"allow":["GET"]}}],"collection":[{"href":"https:\/\/zonaroja.com.mx\/index.php?rest_route=\/wp\/v2\/posts"}],"about":[{"href":"https:\/\/zonaroja.com.mx\/index.php?rest_route=\/wp\/v2\/types\/post"}],"author":[{"embeddable":true,"href":"https:\/\/zonaroja.com.mx\/index.php?rest_route=\/wp\/v2\/users\/2"}],"replies":[{"embeddable":true,"href":"https:\/\/zonaroja.com.mx\/index.php?rest_route=%2Fwp%2Fv2%2Fcomments&post=50968"}],"version-history":[{"count":3,"href":"https:\/\/zonaroja.com.mx\/index.php?rest_route=\/wp\/v2\/posts\/50968\/revisions"}],"predecessor-version":[{"id":50975,"href":"https:\/\/zonaroja.com.mx\/index.php?rest_route=\/wp\/v2\/posts\/50968\/revisions\/50975"}],"wp:featuredmedia":[{"embeddable":true,"href":"https:\/\/zonaroja.com.mx\/index.php?rest_route=\/wp\/v2\/media\/50972"}],"wp:attachment":[{"href":"https:\/\/zonaroja.com.mx\/index.php?rest_route=%2Fwp%2Fv2%2Fmedia&parent=50968"}],"wp:term":[{"taxonomy":"category","embeddable":true,"href":"https:\/\/zonaroja.com.mx\/index.php?rest_route=%2Fwp%2Fv2%2Fcategories&post=50968"},{"taxonomy":"post_tag","embeddable":true,"href":"https:\/\/zonaroja.com.mx\/index.php?rest_route=%2Fwp%2Fv2%2Ftags&post=50968"}],"curies":[{"name":"wp","href":"https:\/\/api.w.org\/{rel}","templated":true}]}}