{"id":50976,"date":"2023-01-27T19:52:44","date_gmt":"2023-01-28T01:52:44","guid":{"rendered":"http:\/\/www.zonaroja.com.mx\/?p=50976"},"modified":"2023-01-27T19:52:48","modified_gmt":"2023-01-28T01:52:48","slug":"aprueba-congreso-de-oaxaca-comparecencia-de-primera-funcionaria-de-jara","status":"publish","type":"post","link":"https:\/\/zonaroja.com.mx\/?p=50976","title":{"rendered":"Aprueba Congreso de Oaxaca comparecencia de primera funcionaria de Jara"},"content":{"rendered":"\n<p>Yuridiana Sosa\/Zona Roja.<\/p>\n\n\n\n<p>Oaxaca de Ju\u00e1rez, Oax., a 27 de enero de 2023.- La 65 Legislatura de Oaxaca vot\u00f3 aprob\u00f3 la comparecencia para una funcionaria del gabinete del mandatario Salom\u00f3n Jara Cruz, misma que se realizar\u00e1 en febrero.<\/p>\n\n\n\n<p>El pasado mi\u00e9rcoles, el pleno aval\u00f3 con 31 votos la presencia de la titular de la Secretar\u00eda de la Honestidad, Transparencia y Funci\u00f3n P\u00fablica de Oaxaca, Leticia Reyes, para que comparezca y detalle sobre la situaci\u00f3n que guarda la entrega-recepci\u00f3n del Gobierno del Estado, los hallazgos m\u00e1s relevantes y las acciones promovidas.<\/p>\n\n\n\n<p>La proposici\u00f3n con Punto de Acuerdo fue por parte de la Fracci\u00f3n Parlamentaria del Partido de la Revoluci\u00f3n Democr\u00e1tica (PRD), quienes consideraron urgente que la funcionaria rinda el informe en la tercera semana de febrero; aunque el d\u00eda y la hora a\u00fan no se define.<\/p>\n\n\n\n<p>Durante su participaci\u00f3n, el perredista V\u00edctor Ra\u00fal Hern\u00e1ndez L\u00f3pez apunt\u00f3 que la entrega-recepci\u00f3n de un gobierno es el primer acto institucional de relevancia para la ciudadan\u00eda y para el Poder Legislativo, quien encarga de aprobar el presupuesto de egresos y el responsable de su fiscalizaci\u00f3n y el ejercicio que fortalecen la rendici\u00f3n de cuentas.<\/p>\n\n\n\n<p>Por esa relevancia, y que en los t\u00e9rminos legales el gobierno entrante debe dar aviso y formular denuncias o querellas cuando en la revisi\u00f3n detecten una posible comisi\u00f3n de delitos, se hace necesario el informe.<\/p>\n\n\n\n<p>De acuerdo con la Ley de Entrega-Recepci\u00f3n de los Recursos y Bienes del Estado de Oaxaca, en su art\u00edculo 12, \u201clos servidores p\u00fablicos salientes estar\u00e1n obligados a proporcionar a los servidores p\u00fablicos entrantes, a los \u00d3rganos de Control competentes, la informaci\u00f3n que requieran y realizar las aclaraciones que les soliciten durante los treinta d\u00edas h\u00e1biles, contados a partir de la firma del acta de entrega-recepci\u00f3n\u201d.<\/p>\n\n\n\n<p>El plazo de 30 d\u00edas, agreg\u00f3 el diputado, concluye en el mes de enero, por lo que es oportuna la comparecencia.<\/p>\n\n\n\n<p>Por otra parte, en dicho art\u00edculo, tambi\u00e9n de indica que \u201clo dispuesto en el presente art\u00edculo no exime la obligaci\u00f3n de los servidores p\u00fablicos en funciones y de los entes fiscalizados de proporcionar oportuna y exhaustivamente, a las autoridades competentes para ejercer atribuciones de fiscalizaci\u00f3n, inspecci\u00f3n o vigilancia, en los t\u00e9rminos se\u00f1alados en las leyes en la materia, la informaci\u00f3n y documentaci\u00f3n pertinente, suficiente, competente y relevante para atender los actos de fiscalizaci\u00f3n y, en su caso, solventar las observaciones que se determinen\u201d.<\/p>\n\n\n\n<figure class=\"wp-block-embed is-type-rich is-provider-twitter wp-block-embed-twitter\"><div class=\"wp-block-embed__wrapper\">\n<div class=\"twitter-tweet\"><blockquote class=\"twitter-tweet\" data-lang=\"es\"><p lang=\"es\" dir=\"ltr\">Cita el <a href=\"https:\/\/twitter.com\/CongresoOaxaca_?ref_src=twsrc%5Etfw\">@CongresoOaxaca_<\/a> a comparecer a primera funcionaria del gabinete de <a href=\"https:\/\/twitter.com\/salomonj?ref_src=twsrc%5Etfw\">@salomonj<\/a>.<br>Es la titular de <a href=\"https:\/\/twitter.com\/HonestidadOax?ref_src=twsrc%5Etfw\">@HonestidadOax<\/a>, <a href=\"https:\/\/twitter.com\/Leticia_ReyesL?ref_src=twsrc%5Etfw\">@Leticia_ReyesL<\/a>.<br>Ser\u00e1 en febrero y deber\u00e1 dar cuenta de la situaci\u00f3n real de la entrega-recepci\u00f3n del gobierno. <a href=\"https:\/\/t.co\/8Dl9UvImeb\">pic.twitter.com\/8Dl9UvImeb<\/a><\/p>&mdash; Zona Roja Oaxaca (@ZonaRoja_Oaxaca) <a href=\"https:\/\/twitter.com\/ZonaRoja_Oaxaca\/status\/1618997489084014594?ref_src=twsrc%5Etfw\">27 de enero de 2023<\/a><\/blockquote><\/div>\n<\/div><\/figure>\n","protected":false},"excerpt":{"rendered":"<p>Yuridiana Sosa\/Zona Roja. Oaxaca de Ju\u00e1rez, Oax., a 27 de enero de 2023.- La 65&hellip;<\/p>\n","protected":false},"author":2,"featured_media":50977,"comment_status":"closed","ping_status":"open","sticky":false,"template":"","format":"standard","meta":{"_lmt_disableupdate":"","_lmt_disable":"","_jetpack_memberships_contains_paid_content":false,"footnotes":""},"categories":[109,47],"tags":[2743],"class_list":["post-50976","post","type-post","status-publish","format-standard","has-post-thumbnail","hentry","category-minuto-a-minuto","category-zona-gris","tag-65-legislatura-del-estado-de-oaxaca"],"jetpack_featured_media_url":"https:\/\/zonaroja.com.mx\/wp-content\/uploads\/2023\/01\/Sesion-Congreso-Oaxaca.jpeg","jetpack_sharing_enabled":true,"_links":{"self":[{"href":"https:\/\/zonaroja.com.mx\/index.php?rest_route=\/wp\/v2\/posts\/50976","targetHints":{"allow":["GET"]}}],"collection":[{"href":"https:\/\/zonaroja.com.mx\/index.php?rest_route=\/wp\/v2\/posts"}],"about":[{"href":"https:\/\/zonaroja.com.mx\/index.php?rest_route=\/wp\/v2\/types\/post"}],"author":[{"embeddable":true,"href":"https:\/\/zonaroja.com.mx\/index.php?rest_route=\/wp\/v2\/users\/2"}],"replies":[{"embeddable":true,"href":"https:\/\/zonaroja.com.mx\/index.php?rest_route=%2Fwp%2Fv2%2Fcomments&post=50976"}],"version-history":[{"count":1,"href":"https:\/\/zonaroja.com.mx\/index.php?rest_route=\/wp\/v2\/posts\/50976\/revisions"}],"predecessor-version":[{"id":50978,"href":"https:\/\/zonaroja.com.mx\/index.php?rest_route=\/wp\/v2\/posts\/50976\/revisions\/50978"}],"wp:featuredmedia":[{"embeddable":true,"href":"https:\/\/zonaroja.com.mx\/index.php?rest_route=\/wp\/v2\/media\/50977"}],"wp:attachment":[{"href":"https:\/\/zonaroja.com.mx\/index.php?rest_route=%2Fwp%2Fv2%2Fmedia&parent=50976"}],"wp:term":[{"taxonomy":"category","embeddable":true,"href":"https:\/\/zonaroja.com.mx\/index.php?rest_route=%2Fwp%2Fv2%2Fcategories&post=50976"},{"taxonomy":"post_tag","embeddable":true,"href":"https:\/\/zonaroja.com.mx\/index.php?rest_route=%2Fwp%2Fv2%2Ftags&post=50976"}],"curies":[{"name":"wp","href":"https:\/\/api.w.org\/{rel}","templated":true}]}}