{"id":50979,"date":"2023-01-27T21:23:07","date_gmt":"2023-01-28T03:23:07","guid":{"rendered":"http:\/\/www.zonaroja.com.mx\/?p=50979"},"modified":"2023-01-27T21:23:09","modified_gmt":"2023-01-28T03:23:09","slug":"con-gobernador-en-istmo-un-lesionado-de-bala-y-asalto-a-taquilla-de-autobuses","status":"publish","type":"post","link":"https:\/\/zonaroja.com.mx\/?p=50979","title":{"rendered":"Con gobernador en Istmo, un lesionado de bala y asalto a taquilla de autobuses"},"content":{"rendered":"\n<p>Redacci\u00f3n\/Zona Roja.<\/p>\n\n\n\n<p>Oaxaca de Ju\u00e1rez, Oax., a 27 de enero de 2023.- Mientras el gobernador Salom\u00f3n Jara visitaba el Istmo de Tehuantepec, en la regi\u00f3n atacaron a balazos a un individuo y asaltaron una taquilla de autobuses tur\u00edsticos.<\/p>\n\n\n\n<p>En la ma\u00f1ana, en tanto el mandatario presid\u00eda una reuni\u00f3n de seguridad en el municipio de Mat\u00edas Romero, en Salina Cruz atentaron contra un extranjero.<\/p>\n\n\n\n<p>En la calle 5 de Mayo de la colonia San Pablo Norte, sujetos armados a bordo de una motocicleta dieron alcance al conductor de una camioneta tipo Durango, color negro.&nbsp;<\/p>\n\n\n\n<p>Tras atacarlo a balazos, se dieron a la fuga, sin que hubiera polic\u00edas municipales en la zona para interceptarlos o perseguirlos.<\/p>\n\n\n\n<p>La v\u00edctima fue identificada como Marvin \u201cN\u201d, al parecer de origen colombiano, quien fue trasladado a un hospital, donde convalece y lo reportan grave de salud.<\/p>\n\n\n\n<p>EL ASALTO<\/p>\n\n\n\n<p>Y mientras el gobernador terminaba un evento en el municipio de Chahuites, en Santo Domingo Tehuantepec sujetos armados a bordo de una motocicleta asaltaron la taquilla de una empresa de autobuses tur\u00edsticos.<\/p>\n\n\n\n<p>El local de la empresa Travel Bus se ubica a un costado de la carretera Panamericana, a la altura del centro de dicha ciudad istme\u00f1a, y pese a ello tampoco hab\u00eda polic\u00edas municipales de la zona.<\/p>\n\n\n\n<p>Los asaltantes se apoderaron de dinero de la taquilla tras lo cual huyeron; polic\u00edas estatales y municipales llegaron a la zona pero no han podido localizar a los maleantes.<\/p>\n\n\n\n<p>FUE ASESINADO<\/p>\n\n\n\n<p>Por otra parte, autoridades ministeriales confirmaron que la persona hallada sin vida ayer en jurisdicci\u00f3n de Santa Mar\u00eda Tonameca, fue asesinada a balazos.<\/p>\n\n\n\n<p>Fue identificado como Filadelfo R. B., de 60 a\u00f1os de edad, y presenta varios impactos de arma de fuego; lo localizaron ayer en la comunidad de San Francisco Frutilla.<\/p>\n","protected":false},"excerpt":{"rendered":"<p>Redacci\u00f3n\/Zona Roja. Oaxaca de Ju\u00e1rez, Oax., a 27 de enero de 2023.- Mientras el gobernador&hellip;<\/p>\n","protected":false},"author":2,"featured_media":50980,"comment_status":"closed","ping_status":"open","sticky":false,"template":"","format":"standard","meta":{"_lmt_disableupdate":"","_lmt_disable":"","_jetpack_memberships_contains_paid_content":false,"footnotes":""},"categories":[109,47],"tags":[168],"class_list":["post-50979","post","type-post","status-publish","format-standard","has-post-thumbnail","hentry","category-minuto-a-minuto","category-zona-gris","tag-salina-cruz"],"jetpack_featured_media_url":"https:\/\/zonaroja.com.mx\/wp-content\/uploads\/2023\/01\/Atentado-Salina-Cruz-herido.jpeg","jetpack_sharing_enabled":true,"_links":{"self":[{"href":"https:\/\/zonaroja.com.mx\/index.php?rest_route=\/wp\/v2\/posts\/50979","targetHints":{"allow":["GET"]}}],"collection":[{"href":"https:\/\/zonaroja.com.mx\/index.php?rest_route=\/wp\/v2\/posts"}],"about":[{"href":"https:\/\/zonaroja.com.mx\/index.php?rest_route=\/wp\/v2\/types\/post"}],"author":[{"embeddable":true,"href":"https:\/\/zonaroja.com.mx\/index.php?rest_route=\/wp\/v2\/users\/2"}],"replies":[{"embeddable":true,"href":"https:\/\/zonaroja.com.mx\/index.php?rest_route=%2Fwp%2Fv2%2Fcomments&post=50979"}],"version-history":[{"count":1,"href":"https:\/\/zonaroja.com.mx\/index.php?rest_route=\/wp\/v2\/posts\/50979\/revisions"}],"predecessor-version":[{"id":50981,"href":"https:\/\/zonaroja.com.mx\/index.php?rest_route=\/wp\/v2\/posts\/50979\/revisions\/50981"}],"wp:featuredmedia":[{"embeddable":true,"href":"https:\/\/zonaroja.com.mx\/index.php?rest_route=\/wp\/v2\/media\/50980"}],"wp:attachment":[{"href":"https:\/\/zonaroja.com.mx\/index.php?rest_route=%2Fwp%2Fv2%2Fmedia&parent=50979"}],"wp:term":[{"taxonomy":"category","embeddable":true,"href":"https:\/\/zonaroja.com.mx\/index.php?rest_route=%2Fwp%2Fv2%2Fcategories&post=50979"},{"taxonomy":"post_tag","embeddable":true,"href":"https:\/\/zonaroja.com.mx\/index.php?rest_route=%2Fwp%2Fv2%2Ftags&post=50979"}],"curies":[{"name":"wp","href":"https:\/\/api.w.org\/{rel}","templated":true}]}}