{"id":50982,"date":"2023-01-28T08:30:00","date_gmt":"2023-01-28T14:30:00","guid":{"rendered":"http:\/\/www.zonaroja.com.mx\/?p=50982"},"modified":"2023-01-28T06:43:12","modified_gmt":"2023-01-28T12:43:12","slug":"lleva-poder-judicial-a-regiones-atencion-a-traves-de-jornadas-de-paz-y-justicia","status":"publish","type":"post","link":"https:\/\/zonaroja.com.mx\/?p=50982","title":{"rendered":"Lleva Poder Judicial a regiones atenci\u00f3n a trav\u00e9s de Jornadas de Paz y Justicia"},"content":{"rendered":"\n<p>Redacci\u00f3n\/Zona Roja.<\/p>\n\n\n\n<p>Oaxaca de Ju\u00e1rez, Oax., a 28 de enero de 2023.- El Poder Judicial del Estado, a trav\u00e9s de la Direcci\u00f3n de Derechos Humanos y del Centro de Justicia&nbsp;Alternativa, instal\u00f3 un m\u00f3dulo de atenci\u00f3n y orientaci\u00f3n&nbsp;en&nbsp;la segunda Jornada de Paz y Justicia para Mujeres, Adolescentes y Ni\u00f1as,&nbsp;que se realiz\u00f3 en Puerto Escondido, perteneciente al municipio de San Pedro Mixtepec, donde se impartieron charlas informativas.<\/p>\n\n\n\n<p>En este encuentro,&nbsp;organizado por el Gobierno del Estado,&nbsp;las directoras de ambas \u00e1reas, Nidia Mart\u00ednez Esteva y&nbsp;Betzzaida Cruz Mendoza,&nbsp;brindaron&nbsp;de manera personal apoyo&nbsp;a&nbsp;las y los habitantes&nbsp;de&nbsp;la regi\u00f3n&nbsp;respecto a los servicios en la&nbsp;instituci\u00f3n y los&nbsp;mecanismos alternativos de soluci\u00f3n de conflictos,&nbsp;un complemento a la actividad judicial&nbsp;que&nbsp;han probado ser una pr\u00e1ctica efectiva en asuntos extrajudiciales, vecinales, civiles, familiares y mercantiles.<\/p>\n\n\n\n<p>Como parte de&nbsp;su compromiso de trabajar conjuntamente&nbsp;con instituciones estatales y federales en estrategias y programas encaminados a que&nbsp;m\u00e1s mujeres, adolescentes y ni\u00f1as de Oaxaca, ejerzan plenamente sus derechos humanos y constitucionales; fomentando con ello, el respeto a la diversidad y la igualdad de g\u00e9nero, el Poder Judicial del Estado particip\u00f3 activamente en la Jornada que&nbsp;coordina la Secretar\u00eda de las Mujeres y el Secretariado Ejecutivo del Sistema Estatal de Seguridad P\u00fablica de Oaxaca.&nbsp;&nbsp;<\/p>\n\n\n\n<p>Cabe se\u00f1alar&nbsp;que,&nbsp;en&nbsp;el impulso a la cultura de la paz y la restauraci\u00f3n social, el Poder Judicial del Estado, a trav\u00e9s del Centro de Justicia Alternativa, brinda a la ciudadan\u00eda la opci\u00f3n de dirimir conflictos de naturaleza civil, mercantil, familiar, penal y de justicia para adolescentes, entre particulares, mediante procedimientos&nbsp;extrajurisdiccionales&nbsp;que les ayuden a encontrar soluciones en un di\u00e1logo respetuoso y conciliado.&nbsp;<\/p>\n\n\n\n<p>Durante el a\u00f1o 2022, esa \u00e1rea que cumpli\u00f3 20 a\u00f1os de funcionamiento, intervino en dos mil 580 asuntos y atendi\u00f3 a seis mil 604 usuarias y usuarios de toda la entidad, girando cuatro mil 251 invitaciones en los diferentes procedimientos alternativos de soluci\u00f3n de controversias.&nbsp;Por otra parte,&nbsp;cuenta con&nbsp;el taller \u201cBullying, qu\u00e9 es y c\u00f3mo protegerme\u201d, dirigido a ni\u00f1as, ni\u00f1os y adolescentes.<\/p>\n","protected":false},"excerpt":{"rendered":"<p>Redacci\u00f3n\/Zona Roja. Oaxaca de Ju\u00e1rez, Oax., a 28 de enero de 2023.- El Poder Judicial&hellip;<\/p>\n","protected":false},"author":2,"featured_media":50983,"comment_status":"closed","ping_status":"open","sticky":false,"template":"","format":"standard","meta":{"_lmt_disableupdate":"","_lmt_disable":"","_jetpack_memberships_contains_paid_content":false,"footnotes":""},"categories":[109,47],"tags":[223],"class_list":["post-50982","post","type-post","status-publish","format-standard","has-post-thumbnail","hentry","category-minuto-a-minuto","category-zona-gris","tag-poder-judicial-de-oaxaca"],"jetpack_featured_media_url":"https:\/\/zonaroja.com.mx\/wp-content\/uploads\/2023\/01\/Atencion-personalizada-a-las-y-los-habitantes-de-la-Costa.jpeg","jetpack_sharing_enabled":true,"_links":{"self":[{"href":"https:\/\/zonaroja.com.mx\/index.php?rest_route=\/wp\/v2\/posts\/50982","targetHints":{"allow":["GET"]}}],"collection":[{"href":"https:\/\/zonaroja.com.mx\/index.php?rest_route=\/wp\/v2\/posts"}],"about":[{"href":"https:\/\/zonaroja.com.mx\/index.php?rest_route=\/wp\/v2\/types\/post"}],"author":[{"embeddable":true,"href":"https:\/\/zonaroja.com.mx\/index.php?rest_route=\/wp\/v2\/users\/2"}],"replies":[{"embeddable":true,"href":"https:\/\/zonaroja.com.mx\/index.php?rest_route=%2Fwp%2Fv2%2Fcomments&post=50982"}],"version-history":[{"count":1,"href":"https:\/\/zonaroja.com.mx\/index.php?rest_route=\/wp\/v2\/posts\/50982\/revisions"}],"predecessor-version":[{"id":50984,"href":"https:\/\/zonaroja.com.mx\/index.php?rest_route=\/wp\/v2\/posts\/50982\/revisions\/50984"}],"wp:featuredmedia":[{"embeddable":true,"href":"https:\/\/zonaroja.com.mx\/index.php?rest_route=\/wp\/v2\/media\/50983"}],"wp:attachment":[{"href":"https:\/\/zonaroja.com.mx\/index.php?rest_route=%2Fwp%2Fv2%2Fmedia&parent=50982"}],"wp:term":[{"taxonomy":"category","embeddable":true,"href":"https:\/\/zonaroja.com.mx\/index.php?rest_route=%2Fwp%2Fv2%2Fcategories&post=50982"},{"taxonomy":"post_tag","embeddable":true,"href":"https:\/\/zonaroja.com.mx\/index.php?rest_route=%2Fwp%2Fv2%2Ftags&post=50982"}],"curies":[{"name":"wp","href":"https:\/\/api.w.org\/{rel}","templated":true}]}}