{"id":50985,"date":"2023-01-28T09:43:00","date_gmt":"2023-01-28T15:43:00","guid":{"rendered":"http:\/\/www.zonaroja.com.mx\/?p=50985"},"modified":"2023-01-28T14:33:30","modified_gmt":"2023-01-28T20:33:30","slug":"reprueba-jara-aprobacion-ciudadana-en-primer-mes-de-su-gobierno-mitofsky","status":"publish","type":"post","link":"https:\/\/zonaroja.com.mx\/?p=50985","title":{"rendered":"Reprueba Jara aprobaci\u00f3n ciudadana en primer mes de su gobierno: Mitofsky"},"content":{"rendered":"\n<p>Yuridiana Sosa\/Zona Roja.<\/p>\n\n\n\n<p>Oaxaca de Ju\u00e1rez, Oax., a 28 de enero de 2023.- Durante su primer mes de gobierno en Oaxaca, Salom\u00f3n Jara Cruz \u2014del Partido Morena\u2014 no logr\u00f3 la aprobaci\u00f3n de la mayor\u00eda de los ciudadanos, alcanzando s\u00f3lo el 49.5 por ciento a su favor, revel\u00f3 el Ranking Mitofsky.<\/p>\n\n\n\n<p>En el \u201cCap\u00edtulo: gobernadores y gobernadoras de M\u00e9xico, aprobaci\u00f3n ciudadana, diciembre\u201d, la consultora detall\u00f3 que el morenista se ubica en la posici\u00f3n 19, en la categor\u00eda de mediana aceptaci\u00f3n ciudadana.<\/p>\n\n\n\n<p>El promedio de Jara Cruz se encuentra por debajo de los porcentajes logrados por su antecesor del PRI, Alejandro Murat, quien desde noviembre del 2021 a noviembre de 2022 \u2013\u00faltimo mes de su sexenio\u2014 ocup\u00f3 del treceavo lugar hasta la octava posici\u00f3n con una aceptaci\u00f3n de 55.7 por ciento.<\/p>\n\n\n\n<p>Luego de un 56.8 por ciento a su favor, ocupando el sexto lugar del ranking nacional en agosto de 2022, Murat Hinojosa mantuvo la octava posici\u00f3n el \u00faltimo trimestre de su gobierno, mientras que en noviembre cerr\u00f3 como el cuarto gobernador mejor evaluado de la oposici\u00f3n a Morena.<\/p>\n\n\n\n<p>Los resultados de diciembre detallaron que Jara Cruz arranc\u00f3 su trayectoria en el ranking con el 47.9 por ciento de desaprobaci\u00f3n y 2.6 por ciento de la poblaci\u00f3n que no sabe c\u00f3mo evaluarlo.<\/p>\n\n\n\n<p>En una reciente encuesta por Consulta Mitofsky, dada a conocer este mes sobre la aceptaci\u00f3n al desempe\u00f1o del presidente de M\u00e9xico, Andr\u00e9s Manuel L\u00f3pez Obrador en diciembre, tambi\u00e9n dan a conocer que el inicio de la \u201cprimavera oaxaque\u00f1a\u201d no fue favorecer para el mandatario nacional, quien en Oaxaca baj\u00f3 su calificaron en el \u00faltimo mes del a\u00f1o en comparaci\u00f3n a meses anteriores.<\/p>\n\n\n\n<p>Aqu\u00ed la informaci\u00f3n a detalle:<\/p>\n\n\n\n<figure class=\"wp-block-embed\"><div class=\"wp-block-embed__wrapper\">\nhttps:\/\/drive.google.com\/file\/d\/1XPBEsI-wHB8i1dOu-1ShhdiLNtq4Wqe-\/view\n<\/div><\/figure>\n","protected":false},"excerpt":{"rendered":"<p>Yuridiana Sosa\/Zona Roja. Oaxaca de Ju\u00e1rez, Oax., a 28 de enero de 2023.- Durante su&hellip;<\/p>\n","protected":false},"author":2,"featured_media":48640,"comment_status":"closed","ping_status":"open","sticky":false,"template":"","format":"standard","meta":{"_lmt_disableupdate":"","_lmt_disable":"","_jetpack_memberships_contains_paid_content":false,"footnotes":""},"categories":[109,47],"tags":[939],"class_list":["post-50985","post","type-post","status-publish","format-standard","has-post-thumbnail","hentry","category-minuto-a-minuto","category-zona-gris","tag-salomon-jara-cruz"],"jetpack_featured_media_url":"https:\/\/zonaroja.com.mx\/wp-content\/uploads\/2022\/11\/Salomon-Jara.jpg","jetpack_sharing_enabled":true,"_links":{"self":[{"href":"https:\/\/zonaroja.com.mx\/index.php?rest_route=\/wp\/v2\/posts\/50985","targetHints":{"allow":["GET"]}}],"collection":[{"href":"https:\/\/zonaroja.com.mx\/index.php?rest_route=\/wp\/v2\/posts"}],"about":[{"href":"https:\/\/zonaroja.com.mx\/index.php?rest_route=\/wp\/v2\/types\/post"}],"author":[{"embeddable":true,"href":"https:\/\/zonaroja.com.mx\/index.php?rest_route=\/wp\/v2\/users\/2"}],"replies":[{"embeddable":true,"href":"https:\/\/zonaroja.com.mx\/index.php?rest_route=%2Fwp%2Fv2%2Fcomments&post=50985"}],"version-history":[{"count":2,"href":"https:\/\/zonaroja.com.mx\/index.php?rest_route=\/wp\/v2\/posts\/50985\/revisions"}],"predecessor-version":[{"id":51015,"href":"https:\/\/zonaroja.com.mx\/index.php?rest_route=\/wp\/v2\/posts\/50985\/revisions\/51015"}],"wp:featuredmedia":[{"embeddable":true,"href":"https:\/\/zonaroja.com.mx\/index.php?rest_route=\/wp\/v2\/media\/48640"}],"wp:attachment":[{"href":"https:\/\/zonaroja.com.mx\/index.php?rest_route=%2Fwp%2Fv2%2Fmedia&parent=50985"}],"wp:term":[{"taxonomy":"category","embeddable":true,"href":"https:\/\/zonaroja.com.mx\/index.php?rest_route=%2Fwp%2Fv2%2Fcategories&post=50985"},{"taxonomy":"post_tag","embeddable":true,"href":"https:\/\/zonaroja.com.mx\/index.php?rest_route=%2Fwp%2Fv2%2Ftags&post=50985"}],"curies":[{"name":"wp","href":"https:\/\/api.w.org\/{rel}","templated":true}]}}