{"id":50987,"date":"2023-01-28T11:07:00","date_gmt":"2023-01-28T17:07:00","guid":{"rendered":"http:\/\/www.zonaroja.com.mx\/?p=50987"},"modified":"2023-01-28T07:14:30","modified_gmt":"2023-01-28T13:14:30","slug":"presentan-hoy-en-el-iago-la-tierra-baldia-libro-de-laureana-toledo","status":"publish","type":"post","link":"https:\/\/zonaroja.com.mx\/?p=50987","title":{"rendered":"Presentan hoy en el IAGO \u201cLa Tierra Bald\u00eda\u201d, libro de Laureana Toledo"},"content":{"rendered":"\n<p>Redacci\u00f3n\/Zona Roja.<\/p>\n\n\n\n<p>Oaxaca de Ju\u00e1rez, Oax., a 28 de enero de 2023.- &nbsp;En el 2013, la artista visual Laureana Toledo &nbsp;(Ixtepec, Oaxaca, 1970) empez\u00f3 una investigaci\u00f3n art\u00edstica para abordar cr\u00edticamente las problem\u00e1ticas que embargan hoy al Istmo de Tehuantepec y que han provocado desplazamientos humanos, militarizaciones, migraciones forzadas, da\u00f1os medioambientales y violencia empresarial.<\/p>\n\n\n\n<p>La documentaci\u00f3n que la artista realiz\u00f3 se encuentra reunida en&nbsp;\u201cLa Tierra Bald\u00eda\u201d, publicaci\u00f3n que da cuenta del resultado, tanto en im\u00e1genes como en ideas, del problema que ocurre en el Istmo.<\/p>\n\n\n\n<p>El libro ser\u00e1 presentado por Toledo y&nbsp;Fernanda Latani M. Bravo este s\u00e1bado 28 de enero a las 18:00 horas en el Instituto de Artes Gr\u00e1ficas de Oaxaca (IAGO) ubicado en Macedonio Alcal\u00e1 507, centro de la ciudad.&nbsp;<\/p>\n\n\n\n<p>Durante el proceso de investigaci\u00f3n, Toledo \u2014hija del artista pl\u00e1stico Francisco Toledo\u2014 tambi\u00e9n se encontr\u00f3 con f\u00e9rreas resistencias de los pueblos originarios del Istmo a la violenta apropiaci\u00f3n de bienes naturales comunes que las industrias multinacionales y los proyectos estatales de infraestructura energ\u00e9tica han causado.<\/p>\n\n\n\n<p>En esta \u00faltima d\u00e9cada la artista ha presentado este proyecto en distintos formatos, desde instalaciones en video y sonoras, hasta exposiciones de las piezas en museos.&nbsp;<\/p>\n\n\n\n<p>\u201cEmpec\u00e9 en 2013, viajaba muy seguido al Istmo, ese mismo a\u00f1o present\u00e9 una parte en la Fundaci\u00f3n Cisneros y dos a\u00f1os despu\u00e9s en el MUAC present\u00e9 un video con m\u00fasicos en vivo y hay otra versi\u00f3n que lleve a Miami que se proyect\u00f3 en tres pantallas, despu\u00e9s el proyecto se qued\u00f3 un poco parado y en 2018 en CAST, en Cornwall.&nbsp;<\/p>\n\n\n\n<p>\u201cHa tenido varias etapas, en estos 10 a\u00f1os tambi\u00e9n trabajaba en otros proyectos al mismo tiempo, hasta que en 2022 realic\u00e9 la exposici\u00f3n en el CaSa, donde mostr\u00e9 la versi\u00f3n fotogr\u00e1fica, documentos y m\u00e1s del proceso de investigaci\u00f3n, ese a\u00f1o tambi\u00e9n me ocup\u00e9 de darle una salida final en libro, porque si alguien no vio alguna de las exposiciones queda este testimonio, los libros duran m\u00e1s que las exposiciones y que uno mismo\u201d, dijo.&nbsp;<\/p>\n\n\n\n<p>Toledo tiene una cercan\u00eda al Istmo por su pap\u00e1, \u201cpor mi pap\u00e1 llegue a esa regi\u00f3n, si no hubiera sido por \u00e9l no hubieran registrado mi nombre en Ixtepec, \u00e9l ten\u00eda muy presente la idea de comunidad y del territorio, pero este es m\u00ed viaje, a veces incluye a mi pap\u00e1 y a veces no\u201d.<\/p>\n\n\n\n<p>Para&nbsp;\u201cLa Tierra Bald\u00eda\u201d, Laureana Toledo convoc\u00f3 a varios especialistas en los temas que se abordan en el proyecto, \u201ca diferencia de una cat\u00e1logo de arte que s\u00f3lo se enfoca en la obra, buscaba textos que hablaran de los asuntos que ata\u00f1en al Istmo, del extractivismo, de esta nueva forma de colonialismo, un poco como un estudio de caso que suceden en todo el planeta\u201d.<\/p>\n\n\n\n<p>La&nbsp;publicaci\u00f3n incluye textos de Laureana Toledo, quien escribe la introducci\u00f3n y cierra tambi\u00e9n el libro; Ariadna Ramonetti, quien fue la curadora de la exposici\u00f3n&nbsp;Orden y Progreso&nbsp;que se present\u00f3 en el Centro de las Artes de San Agust\u00edn (CaSa).<\/p>\n\n\n\n<p>Josefa S\u00e1nchez Contreras autora de \u201cJuchit\u00e1n\u201d, que escribe sobre los r\u00edos; un historiador de Minatitl\u00e1n y experto en la parte del Istmo de Veracruz, H\u00e9ctor Luis Zarauz L\u00f3pez; Fernanda Latani M. Bravo, ge\u00f3grafa de Ixtepec; Olinca Valeria Avil\u00e9s Hern\u00e1ndez, investigadora experta en temas de e\u00f3licas.<\/p>\n\n\n\n<p>Paula L\u00f3pez Caballero, historiadora que ha abordado el tema del colonialismo; la periodista Gloria Mu\u00f1oz Ram\u00edrez, hace un collage de varias voces de mujeres que son parte de organizaciones comunitarias.<\/p>\n\n\n\n<p>Elisa Ram\u00edrez, experta en mitos de los pueblos; Roselia Chaca, periodista de Juchit\u00e1n que hace un recuento de c\u00f3mo sucede ahora est\u00e1 ampliaci\u00f3n de proyectos; Emiliano Zolla M\u00e1rquez aborda la situaci\u00f3n del Istmo en otros lugares.<\/p>\n\n\n\n<p>Deborah Root, da la visi\u00f3n de afuera hacia adentro y Cuauht\u00e9moc Medina, habla de esta visi\u00f3n art\u00edstica, de la idea de c\u00f3mo varios han ido a fotografiar o documentar el Istmo pero de una manera distinta la documentaci\u00f3n que Toledo realiz\u00f3.<\/p>\n\n\n\n<p>La Tierra Bald\u00eda&nbsp;cont\u00f3 con el apoy\u00f3 del Programa de Coinversiones del FONCA y sale bajo el sello de la editorial oaxaque\u00f1a&nbsp;Quarentena.<\/p>\n\n\n\n<p>SOBRE LA ARTISTA<\/p>\n\n\n\n<p>Laureana Toledo (Ixtepec, Oaxaca, 1970). Artista visual autodidacta cuyo trabajo explora las relaciones entre distintos medios y lenguajes y la asimilaci\u00f3n de la cultura popular y nuestros modos de lectura de la misma.&nbsp;<\/p>\n\n\n\n<p>Ha expuesto en solitario y de manera colectiva en espacios como Eastside Projects en Birmingham, la Whitechapel Gallery en Londres, el Museo de Arte Moderno de M\u00e9xico, y RedCat en Los \u00c1ngeles, entre muchos otros.&nbsp;<\/p>\n\n\n\n<p>Ha gestado proyectos como curadora y en colaboraci\u00f3n con Francis Alys, David Byrne, Lourdes Grobet, y el grupo The Limit, entre otros.&nbsp;<\/p>\n\n\n\n<p>Cofundadora de SOMA, espacio de artistas en 2009. Editora invitada en dos ocasiones de la revista de fotograf\u00eda \u201cLuna C\u00f3rnea\u201d. Actualmente reparte su tiempo entre la ciudad de M\u00e9xico y Londres, en donde tuvo una residencia como artista internacional invitada en Gasworks y prepar\u00f3 una pieza en colaboraci\u00f3n con el bajista John Taylor.&nbsp;<\/p>\n\n\n\n<p>La pieza en colaboraci\u00f3n con la colecci\u00f3n de Mick Jones se expuso en el Museo Jumex en 2019, y prepara un documental sobre el movimiento punk en la Ciudad de M\u00e9xico.<\/p>\n","protected":false},"excerpt":{"rendered":"<p>Redacci\u00f3n\/Zona Roja. Oaxaca de Ju\u00e1rez, Oax., a 28 de enero de 2023.- &nbsp;En el 2013,&hellip;<\/p>\n","protected":false},"author":2,"featured_media":50988,"comment_status":"closed","ping_status":"open","sticky":false,"template":"","format":"standard","meta":{"_lmt_disableupdate":"","_lmt_disable":"","_jetpack_memberships_contains_paid_content":false,"footnotes":""},"categories":[109,46],"tags":[3418],"class_list":["post-50987","post","type-post","status-publish","format-standard","has-post-thumbnail","hentry","category-minuto-a-minuto","category-zona-blanca","tag-laureana-toledo"],"jetpack_featured_media_url":"https:\/\/zonaroja.com.mx\/wp-content\/uploads\/2023\/01\/Libro-Laureana-Toledo-IAGO.jpg","jetpack_sharing_enabled":true,"_links":{"self":[{"href":"https:\/\/zonaroja.com.mx\/index.php?rest_route=\/wp\/v2\/posts\/50987","targetHints":{"allow":["GET"]}}],"collection":[{"href":"https:\/\/zonaroja.com.mx\/index.php?rest_route=\/wp\/v2\/posts"}],"about":[{"href":"https:\/\/zonaroja.com.mx\/index.php?rest_route=\/wp\/v2\/types\/post"}],"author":[{"embeddable":true,"href":"https:\/\/zonaroja.com.mx\/index.php?rest_route=\/wp\/v2\/users\/2"}],"replies":[{"embeddable":true,"href":"https:\/\/zonaroja.com.mx\/index.php?rest_route=%2Fwp%2Fv2%2Fcomments&post=50987"}],"version-history":[{"count":1,"href":"https:\/\/zonaroja.com.mx\/index.php?rest_route=\/wp\/v2\/posts\/50987\/revisions"}],"predecessor-version":[{"id":50989,"href":"https:\/\/zonaroja.com.mx\/index.php?rest_route=\/wp\/v2\/posts\/50987\/revisions\/50989"}],"wp:featuredmedia":[{"embeddable":true,"href":"https:\/\/zonaroja.com.mx\/index.php?rest_route=\/wp\/v2\/media\/50988"}],"wp:attachment":[{"href":"https:\/\/zonaroja.com.mx\/index.php?rest_route=%2Fwp%2Fv2%2Fmedia&parent=50987"}],"wp:term":[{"taxonomy":"category","embeddable":true,"href":"https:\/\/zonaroja.com.mx\/index.php?rest_route=%2Fwp%2Fv2%2Fcategories&post=50987"},{"taxonomy":"post_tag","embeddable":true,"href":"https:\/\/zonaroja.com.mx\/index.php?rest_route=%2Fwp%2Fv2%2Ftags&post=50987"}],"curies":[{"name":"wp","href":"https:\/\/api.w.org\/{rel}","templated":true}]}}