{"id":50993,"date":"2023-01-28T07:40:55","date_gmt":"2023-01-28T13:40:55","guid":{"rendered":"http:\/\/www.zonaroja.com.mx\/?p=50993"},"modified":"2023-01-28T07:40:58","modified_gmt":"2023-01-28T13:40:58","slug":"a-quien-le-vamos-a-partir-su-madre-escala-pleito-sheinbaum-cuevas","status":"publish","type":"post","link":"https:\/\/zonaroja.com.mx\/?p=50993","title":{"rendered":"\u201c\u00bfA qui\u00e9n le vamos a partir su madre?\u201d; escala pleito Sheinbaum-Cuevas"},"content":{"rendered":"\n<p>Redacci\u00f3n\/Zona Roja Cdmx.<\/p>\n\n\n\n<p>Ciudad de M\u00e9xico a 28 de enero de 2023.- En medio del disturbio que se gener\u00f3 en las instalaciones de la alcald\u00eda Cuauht\u00e9moc y alrededores, Sandra Cuevas acus\u00f3 directamente a Claudia Sheinbaum de ser la responsable del \u201cataque\u201d.&nbsp;<\/p>\n\n\n\n<p>No obstante, destac\u00f3 que en uno de sus discursos y a modo de motivaci\u00f3n a sus trabajadores lanz\u00f3 un \u201c\u00bfA qui\u00e9n le vamos a partir su madre?\u201d, con \u201cClaudia\u201d como respuesta.<\/p>\n\n\n\n<p>La noche del jueves 27 de enero, la Contralor\u00eda General de la Ciudad de M\u00e9xico recibi\u00f3 una denuncia ciudadana por paquetes y mantas de propaganda en contra de la mandataria capitalina y tras confirmar la existencia de estos, llev\u00f3 a cabo las diligencias correspondientes. El hecho termin\u00f3 en un fuerte operativo policial en las instalaciones del ayuntamiento que preside la panista.<\/p>\n\n\n\n<p>Tras el aseguramientos de las oficinas gubernamentales y el desalojo de los trabajadores, Cuevas Nieves dirigi\u00f3 unas palabras a un peque\u00f1o grupo de personas, presuntamente parte de su grupo de trabajo, a quienes incentiv\u00f3 a trabajar y a \u201cno dejarse\u201d tras la acci\u00f3n policial.&nbsp;<\/p>\n\n\n\n<p>Antes de finalizar su proclama lanz\u00f3 una serie \u201cDesplegaron un operativo de granaderos en mis oficinas sin ninguna notificaci\u00f3n. No se dejen amedrentar, no vamos a entrar en provocaciones y lo m\u00e1s importante no vamos a parar el trabajo muchachos. Si esas oficinas se las quieren comer, que se las coman. (\u2026) Ya saben que a nosotros no nos tiembla nada ni nos da miedo nadie. \u00bfQui\u00e9n nos da miedo? \u00bfA qu\u00e9 venimos? \u00bfA qui\u00e9n le vamos a partir su madre?\u201d, fueron las palabras de la alcaldesa.<\/p>\n\n\n\n<p>Los panfletos por los que se inici\u00f3 la acusaci\u00f3n hac\u00edan referencia a dos tragedias ocurridas en el STC Metro (colapso de un tramo elevado en la L\u00ednea 12 en 2021 y al choque de vagones al inicio de 2023), la muerte de ni\u00f1os en el Colegio R\u00e9bsamen tras el sismo de 2017, as\u00ed como a \u00edndices de violencia en contra de las mujeres. Y se\u00f1alaban a Sheinbaum Pardo como la responsable directa de las tragedias.<\/p>\n\n\n\n<p>Y EXHIBEN PERI\u00d3DICOS<\/p>\n\n\n\n<p>Por otra parte, este 27 de enero comenzaron a circular im\u00e1genes de ejemplares del peri\u00f3dico de Movimiento Regeneraci\u00f3n Nacional (Morena), llamado Regeneraci\u00f3n, almacenados en la C\u00e1mara de Diputados. Esto menos de 24 horas de que personal de la Contralor\u00eda General de la Ciudad de M\u00e9xico encontr\u00f3 propaganda en contra de Claudia Sheinbaum, jefa de Gobierno, almacenada en oficinas de la alcald\u00eda Cuauht\u00e9moc.<\/p>\n\n\n\n<p>En el video que capt\u00f3 la atenci\u00f3n en la red se pueden ver decenas de paquetes con ejemplares apilados. Presuntamente las copias de peri\u00f3dicos pertenecen a la edici\u00f3n de noviembre-diciembre 2022. En la portadas se pueden leer frases como: \u201cpartido movimiento de izquierda y antineoliberal\u201d, \u201cunidad y movilizaci\u00f3n\u201d, \u201cseguridad\u201d, \u201cpaz\u201d o \u201crespeto a las diferencias y a las minor\u00edas\u201d.<\/p>\n\n\n\n<p>Hasta el momento se desconoce el motivo por el que este material fue resguardado en San L\u00e1zaro. Pese a que no se trata de propaganda en contra de adversarios a la autodenominada Cuarta Transformaci\u00f3n (4T), desat\u00f3 cr\u00edticas.<\/p>\n\n\n\n<p>(Informaci\u00f3n de Infobae M\u00e9xico)<\/p>\n","protected":false},"excerpt":{"rendered":"<p>Redacci\u00f3n\/Zona Roja Cdmx. Ciudad de M\u00e9xico a 28 de enero de 2023.- En medio del&hellip;<\/p>\n","protected":false},"author":2,"featured_media":50994,"comment_status":"closed","ping_status":"open","sticky":false,"template":"","format":"standard","meta":{"_lmt_disableupdate":"","_lmt_disable":"","_jetpack_memberships_contains_paid_content":false,"footnotes":""},"categories":[109,47],"tags":[3370],"class_list":["post-50993","post","type-post","status-publish","format-standard","has-post-thumbnail","hentry","category-minuto-a-minuto","category-zona-gris","tag-claudia-sheinbaum"],"jetpack_featured_media_url":"https:\/\/zonaroja.com.mx\/wp-content\/uploads\/2023\/01\/Claudia-Sheinbaum-y-Sandra-Cuevas.jpeg","jetpack_sharing_enabled":true,"_links":{"self":[{"href":"https:\/\/zonaroja.com.mx\/index.php?rest_route=\/wp\/v2\/posts\/50993","targetHints":{"allow":["GET"]}}],"collection":[{"href":"https:\/\/zonaroja.com.mx\/index.php?rest_route=\/wp\/v2\/posts"}],"about":[{"href":"https:\/\/zonaroja.com.mx\/index.php?rest_route=\/wp\/v2\/types\/post"}],"author":[{"embeddable":true,"href":"https:\/\/zonaroja.com.mx\/index.php?rest_route=\/wp\/v2\/users\/2"}],"replies":[{"embeddable":true,"href":"https:\/\/zonaroja.com.mx\/index.php?rest_route=%2Fwp%2Fv2%2Fcomments&post=50993"}],"version-history":[{"count":1,"href":"https:\/\/zonaroja.com.mx\/index.php?rest_route=\/wp\/v2\/posts\/50993\/revisions"}],"predecessor-version":[{"id":50995,"href":"https:\/\/zonaroja.com.mx\/index.php?rest_route=\/wp\/v2\/posts\/50993\/revisions\/50995"}],"wp:featuredmedia":[{"embeddable":true,"href":"https:\/\/zonaroja.com.mx\/index.php?rest_route=\/wp\/v2\/media\/50994"}],"wp:attachment":[{"href":"https:\/\/zonaroja.com.mx\/index.php?rest_route=%2Fwp%2Fv2%2Fmedia&parent=50993"}],"wp:term":[{"taxonomy":"category","embeddable":true,"href":"https:\/\/zonaroja.com.mx\/index.php?rest_route=%2Fwp%2Fv2%2Fcategories&post=50993"},{"taxonomy":"post_tag","embeddable":true,"href":"https:\/\/zonaroja.com.mx\/index.php?rest_route=%2Fwp%2Fv2%2Ftags&post=50993"}],"curies":[{"name":"wp","href":"https:\/\/api.w.org\/{rel}","templated":true}]}}