{"id":50996,"date":"2023-01-28T10:45:00","date_gmt":"2023-01-28T16:45:00","guid":{"rendered":"http:\/\/www.zonaroja.com.mx\/?p=50996"},"modified":"2023-01-28T07:53:46","modified_gmt":"2023-01-28T13:53:46","slug":"tiroteo-en-una-sinagoga-de-jerusalen-deja-7-muertos-y-10-heridos","status":"publish","type":"post","link":"https:\/\/zonaroja.com.mx\/?p=50996","title":{"rendered":"Tiroteo en una sinagoga de Jerusal\u00e9n deja 7 muertos y 10 heridos"},"content":{"rendered":"\n<p>Redacci\u00f3n\/Zona Roja Cdmx.<\/p>\n\n\n\n<p>Ciudad de M\u00e9xico, a 28 de enero de 2023.- Al menos, siete personas murieron en un ataque a una sinagoga en el barrio de Yaakov Shabtai, en Jerusal\u00e9n, durante la noche del&nbsp;viernes (tiempo local), informaron medios israel\u00edes, cuyo ataque ya est\u00e1 considerado como un \u00abacto terrorista\u00bb.&nbsp;Las autoridades se dirigen al lugar del incidente.<\/p>\n\n\n\n<p>El servicio de ambulancias de Israel dijo que 10 personas resultaron heridas en el tiroteo y est\u00e1n atendiendo a los heridos. De acuerdo con los primeros informes, se cree que el atacante fue abatido por las fuerzas de seguridad israel\u00edes despu\u00e9s de intentar escapar.&nbsp;El ataque se realiz\u00f3 durante el rezo del shabbat, el d\u00eda sagrado para los jud\u00edos,&nbsp;inform\u00f3 el Magen David Adom, el equivalente a la Cruz Roja de Israel.<\/p>\n\n\n\n<p>Los asesinatos tuvieron lugar un d\u00eda despu\u00e9s de que las tropas israel\u00edes mataran a nueve palestinos en la redada m\u00e1s mort\u00edfera en Cisjordania en a\u00f1os. Entre los heridos se encontraba un hombre de 70 a\u00f1os en estado cr\u00edtico, dijo el servicio m\u00e9dico.<\/p>\n\n\n\n<p>Estados Unidos conden\u00f3 el viernes el mortal ataque, que se realica previo a&nbsp;la visita a Israel de su secretario de Estado Antony Blinken.<\/p>\n\n\n\n<p>\u00abEs absolutamente horrendo\u00bb, dijo a periodistas la vocera del departamento de Estado, Vedan Batel. \u00abCondenamos en los m\u00e1s en\u00e9rgicos t\u00e9rminos este aparente ataque terrorista. Nuestro compromiso con la seguridad de Israel est\u00e1 blindado y estamos en contacto directo con nuestros socios israel\u00edes\u00bb, a\u00f1adi\u00f3.<\/p>\n\n\n\n<p>(Informaci\u00f3n de \u201cExc\u00e9lsior\u201d)<\/p>\n","protected":false},"excerpt":{"rendered":"<p>Redacci\u00f3n\/Zona Roja Cdmx. Ciudad de M\u00e9xico, a 28 de enero de 2023.- Al menos, siete&hellip;<\/p>\n","protected":false},"author":2,"featured_media":50997,"comment_status":"closed","ping_status":"open","sticky":false,"template":"","format":"standard","meta":{"_lmt_disableupdate":"","_lmt_disable":"","_jetpack_memberships_contains_paid_content":false,"footnotes":""},"categories":[109,47],"tags":[],"class_list":["post-50996","post","type-post","status-publish","format-standard","has-post-thumbnail","hentry","category-minuto-a-minuto","category-zona-gris"],"jetpack_featured_media_url":"https:\/\/zonaroja.com.mx\/wp-content\/uploads\/2023\/01\/Tiroteo-Jerusalen.jpeg","jetpack_sharing_enabled":true,"_links":{"self":[{"href":"https:\/\/zonaroja.com.mx\/index.php?rest_route=\/wp\/v2\/posts\/50996","targetHints":{"allow":["GET"]}}],"collection":[{"href":"https:\/\/zonaroja.com.mx\/index.php?rest_route=\/wp\/v2\/posts"}],"about":[{"href":"https:\/\/zonaroja.com.mx\/index.php?rest_route=\/wp\/v2\/types\/post"}],"author":[{"embeddable":true,"href":"https:\/\/zonaroja.com.mx\/index.php?rest_route=\/wp\/v2\/users\/2"}],"replies":[{"embeddable":true,"href":"https:\/\/zonaroja.com.mx\/index.php?rest_route=%2Fwp%2Fv2%2Fcomments&post=50996"}],"version-history":[{"count":1,"href":"https:\/\/zonaroja.com.mx\/index.php?rest_route=\/wp\/v2\/posts\/50996\/revisions"}],"predecessor-version":[{"id":50998,"href":"https:\/\/zonaroja.com.mx\/index.php?rest_route=\/wp\/v2\/posts\/50996\/revisions\/50998"}],"wp:featuredmedia":[{"embeddable":true,"href":"https:\/\/zonaroja.com.mx\/index.php?rest_route=\/wp\/v2\/media\/50997"}],"wp:attachment":[{"href":"https:\/\/zonaroja.com.mx\/index.php?rest_route=%2Fwp%2Fv2%2Fmedia&parent=50996"}],"wp:term":[{"taxonomy":"category","embeddable":true,"href":"https:\/\/zonaroja.com.mx\/index.php?rest_route=%2Fwp%2Fv2%2Fcategories&post=50996"},{"taxonomy":"post_tag","embeddable":true,"href":"https:\/\/zonaroja.com.mx\/index.php?rest_route=%2Fwp%2Fv2%2Ftags&post=50996"}],"curies":[{"name":"wp","href":"https:\/\/api.w.org\/{rel}","templated":true}]}}