{"id":50999,"date":"2023-01-28T08:22:46","date_gmt":"2023-01-28T14:22:46","guid":{"rendered":"http:\/\/www.zonaroja.com.mx\/?p=50999"},"modified":"2023-01-28T08:22:50","modified_gmt":"2023-01-28T14:22:50","slug":"exige-seccion-22-que-fiscalia-judicialice-carpeta-por-asesinato-de-profesora","status":"publish","type":"post","link":"https:\/\/zonaroja.com.mx\/?p=50999","title":{"rendered":"Exige Secci\u00f3n 22 que Fiscal\u00eda judicialice carpeta por asesinato de profesora"},"content":{"rendered":"\n<p>Redacci\u00f3n\/Zona Roja.<\/p>\n\n\n\n<p>Oaxaca de Ju\u00e1rez, Oax., a 28 de enero de 2023.- La Secci\u00f3n 22 del Sindicato Nacional de Trabajadores de la Educaci\u00f3n exigi\u00f3 a la Fiscal\u00eda General del Estado de Oaxaca judicializar la Carpeta de Investigaci\u00f3n por el asesinato de la profesora Janett G. H., ultimada a balazos el pasado domingo.<\/p>\n\n\n\n<p>Durante la marcha del magisterio efectuada ayer en la capita, los integrantes del Sector Periferia portaron pancartas con las demandas de justicia y precisaron que la petici\u00f3n es con el aval de los familiares.<\/p>\n\n\n\n<p>Fue la noche del pasado domingo 22 de enero, en la calle de Agust\u00edn Melgar de la colonia Santa Anita, en la agencia de San Juan Chapultepec, ciudad de Oaxaca, en que fue atacada a balazos por sujetos desconocidos.<\/p>\n\n\n\n<p>La docente estaba adscrita a la Zona Escolar N\u044amero 133 de Cruz Blanca, perteneciente a Cuil\u00e1pam de Guerrero, en los Valles Centrales, y tambi\u00e9n era integrante del Nivel de Educaci\u00f3n de los Pueblos Originarios de Oaxaca.<\/p>\n\n\n\n<p>\u201cHacemos patente nuestra inconformidad, nuestro coraje por el hecho de que hayan asesinado a nuestra camarada de lucha; es cierto, a lo largo y ancho de nuestro estado de Oaxaca ha habido una serie de asesinatos y feminicidios contra compa\u00f1eros maestros.<\/p>\n\n\n\n<p>\u201cEs por ello que a petici\u00f3n de la familia de Janet, fijamos nuestro posicionamiento pol\u00edtico al gobierno, a la Fiscal\u00eda, para que en lo inmediato se judicialice la carpeta para dar con autores materiales e intelectuales de asesinato.<\/p>\n\n\n\n<p>\u201cQueremos dejar claro que como delegaci\u00f3n sindical y como sector Periferia, abrazamos la lucha de los familiares de la compa\u00f1era, no vamos a parar hasta que el gobierno y la fiscal\u00eda den cuenta de los asesinos materiales e intelectuales\u201d, expusieron ayer durante la marcha.<\/p>\n\n\n\n<figure class=\"wp-block-embed is-type-rich is-provider-twitter wp-block-embed-twitter\"><div class=\"wp-block-embed__wrapper\">\n<div class=\"twitter-tweet\"><blockquote class=\"twitter-tweet\" data-lang=\"es\"><p lang=\"es\" dir=\"ltr\">Durante la marcha masiva de la Secci\u00f3n 22 del SNTE, el Sector Periferia exigi\u00f3 a la <a href=\"https:\/\/twitter.com\/FISCALIA_GobOax?ref_src=twsrc%5Etfw\">@FISCALIA_GobOax<\/a> una investigaci\u00f3n pronta y justicia por el asesinato de la profesora Janett, perpetrado a balazos el pasado fin de semana en la ciudad de Oaxaca. <a href=\"https:\/\/t.co\/oEKSECQ9Wq\">pic.twitter.com\/oEKSECQ9Wq<\/a><\/p>&mdash; Zona Roja Oaxaca (@ZonaRoja_Oaxaca) <a href=\"https:\/\/twitter.com\/ZonaRoja_Oaxaca\/status\/1619113392152924160?ref_src=twsrc%5Etfw\">27 de enero de 2023<\/a><\/blockquote><\/div>\n<\/div><\/figure>\n","protected":false},"excerpt":{"rendered":"<p>Redacci\u00f3n\/Zona Roja. Oaxaca de Ju\u00e1rez, Oax., a 28 de enero de 2023.- La Secci\u00f3n 22&hellip;<\/p>\n","protected":false},"author":2,"featured_media":51001,"comment_status":"closed","ping_status":"open","sticky":false,"template":"","format":"standard","meta":{"_lmt_disableupdate":"","_lmt_disable":"","_jetpack_memberships_contains_paid_content":false,"footnotes":""},"categories":[109,47],"tags":[312],"class_list":["post-50999","post","type-post","status-publish","format-standard","has-post-thumbnail","hentry","category-minuto-a-minuto","category-zona-gris","tag-seccion-22-del-snte"],"jetpack_featured_media_url":"https:\/\/zonaroja.com.mx\/wp-content\/uploads\/2023\/01\/Profesora-Janet-marcha-Seccion-22.jpg","jetpack_sharing_enabled":true,"_links":{"self":[{"href":"https:\/\/zonaroja.com.mx\/index.php?rest_route=\/wp\/v2\/posts\/50999","targetHints":{"allow":["GET"]}}],"collection":[{"href":"https:\/\/zonaroja.com.mx\/index.php?rest_route=\/wp\/v2\/posts"}],"about":[{"href":"https:\/\/zonaroja.com.mx\/index.php?rest_route=\/wp\/v2\/types\/post"}],"author":[{"embeddable":true,"href":"https:\/\/zonaroja.com.mx\/index.php?rest_route=\/wp\/v2\/users\/2"}],"replies":[{"embeddable":true,"href":"https:\/\/zonaroja.com.mx\/index.php?rest_route=%2Fwp%2Fv2%2Fcomments&post=50999"}],"version-history":[{"count":1,"href":"https:\/\/zonaroja.com.mx\/index.php?rest_route=\/wp\/v2\/posts\/50999\/revisions"}],"predecessor-version":[{"id":51002,"href":"https:\/\/zonaroja.com.mx\/index.php?rest_route=\/wp\/v2\/posts\/50999\/revisions\/51002"}],"wp:featuredmedia":[{"embeddable":true,"href":"https:\/\/zonaroja.com.mx\/index.php?rest_route=\/wp\/v2\/media\/51001"}],"wp:attachment":[{"href":"https:\/\/zonaroja.com.mx\/index.php?rest_route=%2Fwp%2Fv2%2Fmedia&parent=50999"}],"wp:term":[{"taxonomy":"category","embeddable":true,"href":"https:\/\/zonaroja.com.mx\/index.php?rest_route=%2Fwp%2Fv2%2Fcategories&post=50999"},{"taxonomy":"post_tag","embeddable":true,"href":"https:\/\/zonaroja.com.mx\/index.php?rest_route=%2Fwp%2Fv2%2Ftags&post=50999"}],"curies":[{"name":"wp","href":"https:\/\/api.w.org\/{rel}","templated":true}]}}