{"id":51003,"date":"2023-01-28T12:23:00","date_gmt":"2023-01-28T18:23:00","guid":{"rendered":"http:\/\/www.zonaroja.com.mx\/?p=51003"},"modified":"2023-01-28T20:24:26","modified_gmt":"2023-01-29T02:24:26","slug":"pend1-14","status":"publish","type":"post","link":"https:\/\/zonaroja.com.mx\/?p=51003","title":{"rendered":"Ataque armado y asesinato en zona Triqui ponen en vilo proceso de paz nuevamente"},"content":{"rendered":"\n<p>Yuridiana Sosa\/Zona Roja.<\/p>\n\n\n\n<p>Oaxaca de Ju\u00e1rez, Oax., 28 de enero de 2023.- En medio del proceso de paz que inici\u00f3 el gobierno de Salom\u00f3n Jara para la naci\u00f3n triqui, el Movimiento de Unificaci\u00f3n y Lucha Triqui (MULT) denunci\u00f3 este s\u00e1bado el asesinato de dos de sus integrantes en la zona.<\/p>\n\n\n\n<p>La organizaci\u00f3n indic\u00f3 que \u201clos enemigos de la naci\u00f3n triqui\u201d asesinaron a sus compa\u00f1eros, Juan Mart\u00ednez Flores, de 55 a\u00f1os y a su hijo Javier Mart\u00ednez \u00c1lvarez de 20 a\u00f1os, habitantes de la comunidad de Cruz Chiquita Copala.<\/p>\n\n\n\n<p>Por el hecho, el MULT exigi\u00f3 al gobernador y al titular de la Secretar\u00eda de Gobierno de Oaxaca, Jes\u00fas Romero, as\u00ed como a la Fiscal\u00eda General de Oaxaca, el esclarecimiento inmediato del crimen.<\/p>\n\n\n\n<p>Esta no es la primera ocasi\u00f3n que la organizaci\u00f3n reporta el asesinato contra uno de sus integrantes en medio un proceso de conciliaci\u00f3n de paz para el retorno de los desplazados a sus comunidades.&nbsp;<\/p>\n\n\n\n<p>Como una nueva etapa en el proceso de paz, el pasado 23 de diciembre el gobierno de Oaxaca, acompa\u00f1ado del federal por parte del subsecretario de Derechos Humanos de la Secretar\u00eda de Gobernaci\u00f3n (Segob), Alejandro Encinas, instalaron la mesa de \u201cConstrucci\u00f3n de paz,&nbsp;justicia y bienestar&nbsp;para la naci\u00f3n triqui\u201d,en el que participan las organizaciones de Movimiento de Unificaci\u00f3n y Lucha Triqui (MULT), Movimiento de Unificaci\u00f3n y Lucha Triqui Independiente (MULTI) y la Uni\u00f3n&nbsp;de Bienestar Social de la Regi\u00f3n Triqui (Ubisort).<\/p>\n\n\n\n<p>El primero de los acuerdos, &nbsp;a petici\u00f3n de las organizaciones, &nbsp;fue la solicitar la colaboraci\u00f3n de operativos de vigilancia y seguridad permanentes y otros que se consideren necesarios en las vialidades que unen a Juxtlahuaca y a Putla, as\u00ed como otros puntos que se acuerden para garantizar la seguridad de la zona.<\/p>\n\n\n\n<p>El proceso continu\u00f3 con la primera mesa el 4 de enero para dar seguimiento a los acuerdos para la atenci\u00f3n del caso de desplazamiento forzado interno en la comunidad de Tierra Blanca.<\/p>\n\n\n\n<p>Sin embargo, una vez m\u00e1s sucede un crimen, como ocurri\u00f3 en mayo de 2022 en medio de un proceso de retorno para los desplazados&nbsp;triquis&nbsp;de Tierra Blanca Copala, de Santiago Juxtlahuaca, por lo que el MULT rompi\u00f3 con el acuerdo ante el Gobierno de M\u00e9xico y Oaxaca.<\/p>\n\n\n\n<p>Mientras que en febrero de 2021, tras el desplazamiento en enero, el MULT realiz\u00f3 acciones que impidieron la seguridad y el ingreso de la Guardia Nacional a la zona para generar el retorno de los desplazados seg\u00fan denunci\u00f3 el MULTI. <\/p>\n\n\n\n<figure class=\"wp-block-embed is-type-rich is-provider-twitter wp-block-embed-twitter\"><div class=\"wp-block-embed__wrapper\">\n<div class=\"twitter-tweet\"><blockquote class=\"twitter-tweet\" data-lang=\"es\"><p lang=\"es\" dir=\"ltr\"><a href=\"https:\/\/twitter.com\/jesusromerooax?ref_src=twsrc%5Etfw\">@jesusromerooax<\/a> <a href=\"https:\/\/twitter.com\/FISCALIA_GobOax?ref_src=twsrc%5Etfw\">@FISCALIA_GobOax<\/a> <a href=\"https:\/\/twitter.com\/CNDH?ref_src=twsrc%5Etfw\">@CNDH<\/a> <a href=\"https:\/\/twitter.com\/DDHPO?ref_src=twsrc%5Etfw\">@DDHPO<\/a> Exigimos en\u00e9rgicamente al gobierno del estado el esclarecimiento inmediato de estos cr\u00edmenes.<\/p>&mdash; MULT (@siimachumaa) <a href=\"https:\/\/twitter.com\/siimachumaa\/status\/1619401951049048064?ref_src=twsrc%5Etfw\">28 de enero de 2023<\/a><\/blockquote><\/div>\n<\/div><\/figure>\n","protected":false},"excerpt":{"rendered":"<p>Yuridiana Sosa\/Zona Roja. Oaxaca de Ju\u00e1rez, Oax., 28 de enero de 2023.- En medio del&hellip;<\/p>\n","protected":false},"author":2,"featured_media":51023,"comment_status":"closed","ping_status":"open","sticky":false,"template":"","format":"standard","meta":{"_lmt_disableupdate":"","_lmt_disable":"","_jetpack_memberships_contains_paid_content":false,"footnotes":""},"categories":[109,51],"tags":[2411],"class_list":["post-51003","post","type-post","status-publish","format-standard","has-post-thumbnail","hentry","category-minuto-a-minuto","category-zona-roja","tag-movimiento-de-unificacion-y-lucha-triqui-independiente-multi"],"jetpack_featured_media_url":"https:\/\/zonaroja.com.mx\/wp-content\/uploads\/2023\/01\/Asesinato-MULT-Cruz-Chiquita-Copala.jpeg","jetpack_sharing_enabled":true,"_links":{"self":[{"href":"https:\/\/zonaroja.com.mx\/index.php?rest_route=\/wp\/v2\/posts\/51003","targetHints":{"allow":["GET"]}}],"collection":[{"href":"https:\/\/zonaroja.com.mx\/index.php?rest_route=\/wp\/v2\/posts"}],"about":[{"href":"https:\/\/zonaroja.com.mx\/index.php?rest_route=\/wp\/v2\/types\/post"}],"author":[{"embeddable":true,"href":"https:\/\/zonaroja.com.mx\/index.php?rest_route=\/wp\/v2\/users\/2"}],"replies":[{"embeddable":true,"href":"https:\/\/zonaroja.com.mx\/index.php?rest_route=%2Fwp%2Fv2%2Fcomments&post=51003"}],"version-history":[{"count":3,"href":"https:\/\/zonaroja.com.mx\/index.php?rest_route=\/wp\/v2\/posts\/51003\/revisions"}],"predecessor-version":[{"id":51030,"href":"https:\/\/zonaroja.com.mx\/index.php?rest_route=\/wp\/v2\/posts\/51003\/revisions\/51030"}],"wp:featuredmedia":[{"embeddable":true,"href":"https:\/\/zonaroja.com.mx\/index.php?rest_route=\/wp\/v2\/media\/51023"}],"wp:attachment":[{"href":"https:\/\/zonaroja.com.mx\/index.php?rest_route=%2Fwp%2Fv2%2Fmedia&parent=51003"}],"wp:term":[{"taxonomy":"category","embeddable":true,"href":"https:\/\/zonaroja.com.mx\/index.php?rest_route=%2Fwp%2Fv2%2Fcategories&post=51003"},{"taxonomy":"post_tag","embeddable":true,"href":"https:\/\/zonaroja.com.mx\/index.php?rest_route=%2Fwp%2Fv2%2Ftags&post=51003"}],"curies":[{"name":"wp","href":"https:\/\/api.w.org\/{rel}","templated":true}]}}