{"id":51005,"date":"2023-01-28T14:23:00","date_gmt":"2023-01-28T20:23:00","guid":{"rendered":"http:\/\/www.zonaroja.com.mx\/?p=51005"},"modified":"2023-01-28T21:17:56","modified_gmt":"2023-01-29T03:17:56","slug":"pend2-9","status":"publish","type":"post","link":"https:\/\/zonaroja.com.mx\/?p=51005","title":{"rendered":"Hallan cuerpo de mujer sin vida en Suchilquitongo; a\u00fan no confirman si es Andrea Itzel"},"content":{"rendered":"\n<p>Yuridiana Sosa\/Zona Roja.<\/p>\n\n\n\n<p>Oaxaca de Ju\u00e1rez, Oax., a 28 de enero de 2023.- La violencia feminicida en Oaxaca sigue en aumento y la cifra de asesinatos contra mujeres por raz\u00f3n de g\u00e9nero llega a 24 en el actual sexenio de Salom\u00f3n Jara con el hallazgo del cuerpo sin vida de una mujer en Santiago Suchilquitongo, en los Valles Centrales.<\/p>\n\n\n\n<p>La localizaci\u00f3n de la mujer sin vida se registr\u00f3 la ma\u00f1ana de este s\u00e1bado en predio del paraje \u201cLos Pirules\u201d del municipio perteneciente al distrito de Etla, localidad en la que desapareci\u00f3 la joven Andrea Itzel Mart\u00ednez Castellanos desde el pasado 17 de enero.&nbsp;<\/p>\n\n\n\n<p>Para descartar que se trate de la misma persona, familiares de la adolescente de 17 a\u00f1os arribaron al lugar al que tambi\u00e9n llegaron autoridades ministeriales para realizar las indagatorias correspondientes.<\/p>\n\n\n\n<p>La joven desapareci\u00f3 tras ser vista por \u00faltima vez en su domicilio ubicado en la calle Calvario del Barrio Pe\u00f1asco de dicho municipio, por lo que ante el hallazgo de este s\u00e1bado se especul\u00f3 que podr\u00eda tratarse de la misma persona, lo cual no ha sido conformado.<\/p>\n\n\n\n<p>ZONA DE PELIGRO<\/p>\n\n\n\n<p>El paraje \u201cLos Pirules\u201d se encuentra en colindancias con el municipio de San Pablo Huitzo, zona de riesgo e inseguridad como el resto de las colindancias de Suchilquitongo con otras localidades que han servido como \u201ctiradero de cad\u00e1veres\u201d de acuerdo a la propia autoridad municipal.<\/p>\n\n\n\n<p>La presidenta de Suchilquitongo, Laura Isabel Rom\u00e1n Figueroa, alert\u00f3 desde hace una semana al gobierno estatal y federal sobre esta situaci\u00f3n que se comenz\u00f3 a vivir en el municipio y por lo que demand\u00f3 vigilancia.<\/p>\n\n\n\n<p>Tras la desaparici\u00f3n de Andrea Itzel \u2013 para quien sumaron esfuerzos de b\u00fasqueda con la familia- la edil reconoci\u00f3 la inseguridad en Suchilquitongo por los diversos accesos, lo que hab\u00eda permitido la concurrencia de localizaci\u00f3n de personas muertas en las carreteras y caminos que conectan a este municipio, como ocurri\u00f3 el pasado 26 de enero, cuando se report\u00f3 el cuerpo sin vida de una persona, a un costado de la carretera federal 190. <\/p>\n","protected":false},"excerpt":{"rendered":"<p>Yuridiana Sosa\/Zona Roja. Oaxaca de Ju\u00e1rez, Oax., a 28 de enero de 2023.- La violencia&hellip;<\/p>\n","protected":false},"author":2,"featured_media":51016,"comment_status":"closed","ping_status":"open","sticky":false,"template":"","format":"standard","meta":{"_lmt_disableupdate":"","_lmt_disable":"","_jetpack_memberships_contains_paid_content":false,"footnotes":""},"categories":[109,51],"tags":[1364],"class_list":["post-51005","post","type-post","status-publish","format-standard","has-post-thumbnail","hentry","category-minuto-a-minuto","category-zona-roja","tag-santiago-suchilquitongo"],"jetpack_featured_media_url":"https:\/\/zonaroja.com.mx\/wp-content\/uploads\/2023\/01\/bdba6e59-a1e4-4811-ac79-1570a53015dd.jpg","jetpack_sharing_enabled":true,"_links":{"self":[{"href":"https:\/\/zonaroja.com.mx\/index.php?rest_route=\/wp\/v2\/posts\/51005","targetHints":{"allow":["GET"]}}],"collection":[{"href":"https:\/\/zonaroja.com.mx\/index.php?rest_route=\/wp\/v2\/posts"}],"about":[{"href":"https:\/\/zonaroja.com.mx\/index.php?rest_route=\/wp\/v2\/types\/post"}],"author":[{"embeddable":true,"href":"https:\/\/zonaroja.com.mx\/index.php?rest_route=\/wp\/v2\/users\/2"}],"replies":[{"embeddable":true,"href":"https:\/\/zonaroja.com.mx\/index.php?rest_route=%2Fwp%2Fv2%2Fcomments&post=51005"}],"version-history":[{"count":3,"href":"https:\/\/zonaroja.com.mx\/index.php?rest_route=\/wp\/v2\/posts\/51005\/revisions"}],"predecessor-version":[{"id":51020,"href":"https:\/\/zonaroja.com.mx\/index.php?rest_route=\/wp\/v2\/posts\/51005\/revisions\/51020"}],"wp:featuredmedia":[{"embeddable":true,"href":"https:\/\/zonaroja.com.mx\/index.php?rest_route=\/wp\/v2\/media\/51016"}],"wp:attachment":[{"href":"https:\/\/zonaroja.com.mx\/index.php?rest_route=%2Fwp%2Fv2%2Fmedia&parent=51005"}],"wp:term":[{"taxonomy":"category","embeddable":true,"href":"https:\/\/zonaroja.com.mx\/index.php?rest_route=%2Fwp%2Fv2%2Fcategories&post=51005"},{"taxonomy":"post_tag","embeddable":true,"href":"https:\/\/zonaroja.com.mx\/index.php?rest_route=%2Fwp%2Fv2%2Ftags&post=51005"}],"curies":[{"name":"wp","href":"https:\/\/api.w.org\/{rel}","templated":true}]}}