{"id":51022,"date":"2023-01-28T20:20:33","date_gmt":"2023-01-29T02:20:33","guid":{"rendered":"http:\/\/www.zonaroja.com.mx\/?p=51022"},"modified":"2023-01-28T21:16:42","modified_gmt":"2023-01-29T03:16:42","slug":"ademas-de-un-asesinado-y-un-herido-otro-ataque-armado-denuncia-el-mult","status":"publish","type":"post","link":"https:\/\/zonaroja.com.mx\/?p=51022","title":{"rendered":"Adem\u00e1s de un asesinado y un herido, otro ataque armado, denuncia el MULT"},"content":{"rendered":"\n<p>Ismael Garc\u00eda M.\/Zona Roja.<\/p>\n\n\n\n<p>Oaxaca de Ju\u00e1rez, Oax., a 28 de enero de 2023.- Una persona fallecida y una lesionada es el saldo de un ataque armado ocurrido contra ind\u00edgenas de la etnia Triqui, precis\u00f3 el Movimiento de Unificaci\u00f3n y Lucha Triqui.<\/p>\n\n\n\n<p>Por la ma\u00f1ana, a trav\u00e9s de sus redes sociales, indic\u00f3 que eran dos los fallecidos y m\u00e1s tarde, en conferencia de prensa en la ciudad de Oaxaca, precis\u00f3 que el fallecido fue identificado como Juan Mart\u00ednez Flores, de 55 a\u00f1os de edad, y el herido Javier Mart\u00ednez \u00c1lvarez, de 20 a\u00f1os, hijo del hoy occiso, originarios de Cruz Chiquita Copala, Santiago Juxtlahuaca.<\/p>\n\n\n\n<p>La organizaci\u00f3n indic\u00f3 que la agresi\u00f3n armada ocurri\u00f3 esta ma\u00f1ana alrededor de las 09:30 horas en la calle Tamaulipas, entre Sonora y Baja California, en el centro del municipio de Putla Villa de Guerrero.<\/p>\n\n\n\n<p>En un comunicado indic\u00f3 adem\u00e1s que alrededor de las 11:07 horas se registr\u00f3 otro ataque armado en R\u00edo Ceniza, Tierra Blanca Copala, Juxtlahuaca.&nbsp;<\/p>\n\n\n\n<p>\u201cHacemos un llamado a los habitantes de Yosoyuxi, que forman parte del MULTI, que en todo momento le apuestan a la violencia, !Ya basta!, que cese a la violencias, estos no nos abona al di\u00e1logo mucho menos a&nbsp; la paz. Busquemos el camino del di\u00e1logo y la paz\u201d, expuso.<\/p>\n\n\n\n<p>En la conferencia de prensa, la dirigencia colectiva expuso que \u201cexisten enemigos que no quieren que lleguemos a esta paz\u201d.<\/p>\n\n\n\n<p>A\u00f1adi\u00f3 que con esos hechos \u201clos enemigos de la paz vuelven a ensangrentar la naci\u00f3n Triqui, es por eso que exigimos en\u00e9rgicamente al Gobierno del Estado el esclarecimiento inmediato de estos cobardes hechos y sean detenidos los autores materiales e intelectuales\u201d.<\/p>\n\n\n\n<p>Precisaron que tambi\u00e9n siguen esperando que las autoridades estatales esclarezcan y hagan justicia por el asesinato de Luciano P\u00e9rez Mart\u00ednez, ocurrido el mes de mayo pasado.<\/p>\n\n\n\n<figure class=\"wp-block-embed is-type-rich is-provider-twitter wp-block-embed-twitter\"><div class=\"wp-block-embed__wrapper\">\n<div class=\"twitter-tweet\"><blockquote class=\"twitter-tweet\" data-lang=\"es\"><p lang=\"es\" dir=\"ltr\"><a href=\"https:\/\/twitter.com\/hashtag\/%C3%9AltimoMinuto?src=hash&amp;ref_src=twsrc%5Etfw\">#\u00daltimoMinuto<\/a><br>En conferencia de prensa desde el z\u00f3calo de la ciudad de Oaxaca, el MULT (<a href=\"https:\/\/twitter.com\/siimachumaa?ref_src=twsrc%5Etfw\">@siimachumaa<\/a>) confirma el asesinato de uno de sus dirigentes en la zona Triqui y otro m\u00e1s result\u00f3 lesionado; exige justicia. <a href=\"https:\/\/t.co\/CD605ktQH6\">pic.twitter.com\/CD605ktQH6<\/a><\/p>&mdash; Zona Roja Oaxaca (@ZonaRoja_Oaxaca) <a href=\"https:\/\/twitter.com\/ZonaRoja_Oaxaca\/status\/1619433012550332416?ref_src=twsrc%5Etfw\">28 de enero de 2023<\/a><\/blockquote><\/div>\n<\/div><\/figure>\n","protected":false},"excerpt":{"rendered":"<p>Ismael Garc\u00eda M.\/Zona Roja. Oaxaca de Ju\u00e1rez, Oax., a 28 de enero de 2023.- Una&hellip;<\/p>\n","protected":false},"author":2,"featured_media":51027,"comment_status":"closed","ping_status":"open","sticky":false,"template":"","format":"standard","meta":{"_lmt_disableupdate":"","_lmt_disable":"","_jetpack_memberships_contains_paid_content":false,"footnotes":""},"categories":[109,51],"tags":[2037,732],"class_list":["post-51022","post","type-post","status-publish","format-standard","has-post-thumbnail","hentry","category-minuto-a-minuto","category-zona-roja","tag-indigenas-triquis-copala","tag-movimiento-de-unificacion-y-lucha-triqui"],"jetpack_featured_media_url":"https:\/\/zonaroja.com.mx\/wp-content\/uploads\/2023\/01\/Conferenca-MULT-tras-asesinato-zona-triqui.jpg","jetpack_sharing_enabled":true,"_links":{"self":[{"href":"https:\/\/zonaroja.com.mx\/index.php?rest_route=\/wp\/v2\/posts\/51022","targetHints":{"allow":["GET"]}}],"collection":[{"href":"https:\/\/zonaroja.com.mx\/index.php?rest_route=\/wp\/v2\/posts"}],"about":[{"href":"https:\/\/zonaroja.com.mx\/index.php?rest_route=\/wp\/v2\/types\/post"}],"author":[{"embeddable":true,"href":"https:\/\/zonaroja.com.mx\/index.php?rest_route=\/wp\/v2\/users\/2"}],"replies":[{"embeddable":true,"href":"https:\/\/zonaroja.com.mx\/index.php?rest_route=%2Fwp%2Fv2%2Fcomments&post=51022"}],"version-history":[{"count":2,"href":"https:\/\/zonaroja.com.mx\/index.php?rest_route=\/wp\/v2\/posts\/51022\/revisions"}],"predecessor-version":[{"id":51038,"href":"https:\/\/zonaroja.com.mx\/index.php?rest_route=\/wp\/v2\/posts\/51022\/revisions\/51038"}],"wp:featuredmedia":[{"embeddable":true,"href":"https:\/\/zonaroja.com.mx\/index.php?rest_route=\/wp\/v2\/media\/51027"}],"wp:attachment":[{"href":"https:\/\/zonaroja.com.mx\/index.php?rest_route=%2Fwp%2Fv2%2Fmedia&parent=51022"}],"wp:term":[{"taxonomy":"category","embeddable":true,"href":"https:\/\/zonaroja.com.mx\/index.php?rest_route=%2Fwp%2Fv2%2Fcategories&post=51022"},{"taxonomy":"post_tag","embeddable":true,"href":"https:\/\/zonaroja.com.mx\/index.php?rest_route=%2Fwp%2Fv2%2Ftags&post=51022"}],"curies":[{"name":"wp","href":"https:\/\/api.w.org\/{rel}","templated":true}]}}