{"id":51031,"date":"2023-01-28T20:59:22","date_gmt":"2023-01-29T02:59:22","guid":{"rendered":"http:\/\/www.zonaroja.com.mx\/?p=51031"},"modified":"2023-01-28T21:16:09","modified_gmt":"2023-01-29T03:16:09","slug":"cierran-gobierno-puertas-de-palacio-a-colectivos-que-piden-justicia-por-feminicidios","status":"publish","type":"post","link":"https:\/\/zonaroja.com.mx\/?p=51031","title":{"rendered":"Cierran gobierno puertas de Palacio a colectivos que piden justicia por feminicidios"},"content":{"rendered":"\n<p>Ismael Garc\u00eda M.\/Zona Roja.<\/p>\n\n\n\n<p>Oaxaca de Ju\u00e1rez, Oax., a 28 de enero de 2023.- Colectivos de mujeres marcharon la tarde de hoy en el centro de la ciudad de Oaxaca para exigir un alto a los feminicidios y justicia, adem\u00e1s de respaldar la demanda de b\u00fasqueda de Andrea Itzel.<\/p>\n\n\n\n<p>Sin embargo, cuando pretend\u00edan un di\u00e1logo con autoridades estatales, personal de la Secretar\u00eda General de Gobierno, que encabeza Jes\u00fas Romero L\u00f3pez, orden\u00f3 cerrar las puertas de la sede del Poder Ejecutivo.<\/p>\n\n\n\n<p>Ante ello, los manifestantes se apostaron en las entradas, principal y lateral de la calle de Bustamante, para recriminar la nula atenci\u00f3n del gobierno de Salom\u00f3n Jara Cruz a la grave violencia en contra de las mujeres en Oaxaca.<\/p>\n\n\n\n<p>\u201c\u00a1Justicia para todas! \u00a1Justicia para todas! \u00a1Mujer, escucha, esta es tu lucha! \u00a1Andrea, aguanta, tu pueblo se levanta!\u201d, fueron parte de las consignas de las mujeres inconformes en los accesos al Palacio.<\/p>\n\n\n\n<p>Previo a ello, realizaron una marcha por calles del centro de la capital, para respaldar la b\u00fasqueda de Andrea Itzel, de 17 a\u00f1os desaparecida desde el pasado 17 de enero.<\/p>\n\n\n\n<p>Familiares de la menor tambi\u00e9n estuvieron presentes y desmintieron que los restos localizados en Santiago Suchilquitongo hayan sido de la adolescente.<\/p>\n\n\n\n<p>Los colectivos feministas colocaron tambi\u00e9n en la Alameda de Le\u00f3n un \u201ctendedero\u201d con nombres de diversas personas que han desaparecido o asesinado en Oaxaca.<\/p>\n\n\n\n<figure class=\"wp-block-embed is-type-rich is-provider-twitter wp-block-embed-twitter\"><div class=\"wp-block-embed__wrapper\">\n<div class=\"twitter-tweet\"><blockquote class=\"twitter-tweet\" data-lang=\"es\"><p lang=\"es\" dir=\"ltr\"><a href=\"https:\/\/twitter.com\/hashtag\/%C3%9AltimoMinuto?src=hash&amp;ref_src=twsrc%5Etfw\">#\u00daltimoMinuto<\/a><br>Y la <a href=\"https:\/\/twitter.com\/SEGO_Oax?ref_src=twsrc%5Etfw\">@SEGO_Oax<\/a> que preside <a href=\"https:\/\/twitter.com\/jesusromerooax?ref_src=twsrc%5Etfw\">@jesusromerooax<\/a> ordena cerrar las puertas del Palacio de Gobierno a feministas y familiares de Andrea Itzel, que exigen una audiencia con el gobernador <a href=\"https:\/\/twitter.com\/salomonj?ref_src=twsrc%5Etfw\">@salomonj<\/a>.<br>Irrita a manifestantes la cerraz\u00f3n de las autoridades. <a href=\"https:\/\/t.co\/7R0omBKEM6\">pic.twitter.com\/7R0omBKEM6<\/a><\/p>&mdash; Zona Roja Oaxaca (@ZonaRoja_Oaxaca) <a href=\"https:\/\/twitter.com\/ZonaRoja_Oaxaca\/status\/1619490035539259392?ref_src=twsrc%5Etfw\">29 de enero de 2023<\/a><\/blockquote><\/div>\n<\/div><\/figure>\n","protected":false},"excerpt":{"rendered":"<p>Ismael Garc\u00eda M.\/Zona Roja. Oaxaca de Ju\u00e1rez, Oax., a 28 de enero de 2023.- Colectivos&hellip;<\/p>\n","protected":false},"author":2,"featured_media":51032,"comment_status":"closed","ping_status":"open","sticky":false,"template":"","format":"standard","meta":{"_lmt_disableupdate":"","_lmt_disable":"","_jetpack_memberships_contains_paid_content":false,"footnotes":""},"categories":[109,47],"tags":[3409],"class_list":["post-51031","post","type-post","status-publish","format-standard","has-post-thumbnail","hentry","category-minuto-a-minuto","category-zona-gris","tag-andrea-itzel-martinez-castellanos"],"jetpack_featured_media_url":"https:\/\/zonaroja.com.mx\/wp-content\/uploads\/2023\/01\/Protestas-colectivos-feministas-Oaxaca-.jpg","jetpack_sharing_enabled":true,"_links":{"self":[{"href":"https:\/\/zonaroja.com.mx\/index.php?rest_route=\/wp\/v2\/posts\/51031","targetHints":{"allow":["GET"]}}],"collection":[{"href":"https:\/\/zonaroja.com.mx\/index.php?rest_route=\/wp\/v2\/posts"}],"about":[{"href":"https:\/\/zonaroja.com.mx\/index.php?rest_route=\/wp\/v2\/types\/post"}],"author":[{"embeddable":true,"href":"https:\/\/zonaroja.com.mx\/index.php?rest_route=\/wp\/v2\/users\/2"}],"replies":[{"embeddable":true,"href":"https:\/\/zonaroja.com.mx\/index.php?rest_route=%2Fwp%2Fv2%2Fcomments&post=51031"}],"version-history":[{"count":2,"href":"https:\/\/zonaroja.com.mx\/index.php?rest_route=\/wp\/v2\/posts\/51031\/revisions"}],"predecessor-version":[{"id":51037,"href":"https:\/\/zonaroja.com.mx\/index.php?rest_route=\/wp\/v2\/posts\/51031\/revisions\/51037"}],"wp:featuredmedia":[{"embeddable":true,"href":"https:\/\/zonaroja.com.mx\/index.php?rest_route=\/wp\/v2\/media\/51032"}],"wp:attachment":[{"href":"https:\/\/zonaroja.com.mx\/index.php?rest_route=%2Fwp%2Fv2%2Fmedia&parent=51031"}],"wp:term":[{"taxonomy":"category","embeddable":true,"href":"https:\/\/zonaroja.com.mx\/index.php?rest_route=%2Fwp%2Fv2%2Fcategories&post=51031"},{"taxonomy":"post_tag","embeddable":true,"href":"https:\/\/zonaroja.com.mx\/index.php?rest_route=%2Fwp%2Fv2%2Ftags&post=51031"}],"curies":[{"name":"wp","href":"https:\/\/api.w.org\/{rel}","templated":true}]}}