{"id":51034,"date":"2023-01-29T09:00:00","date_gmt":"2023-01-29T15:00:00","guid":{"rendered":"http:\/\/www.zonaroja.com.mx\/?p=51034"},"modified":"2023-01-28T21:15:42","modified_gmt":"2023-01-29T03:15:42","slug":"habrian-sembrado-restos-oseos-en-santiago-suchilquitongo","status":"publish","type":"post","link":"https:\/\/zonaroja.com.mx\/?p=51034","title":{"rendered":"Habr\u00edan \u201csembrado\u201d restos \u00f3seos en Santiago Suchilquitongo"},"content":{"rendered":"\n<p>Ismael Garc\u00eda M.\/Zona Roja.<\/p>\n\n\n\n<p>Oaxaca de Ju\u00e1rez, Oax., a 29 de enero de 2023.- Los restos \u00f3seos localizados la noche del viernes en jurisdicci\u00f3n de Santiago Suchilquitongo, Etla, habr\u00edan sido trasladados a esa zona, pues dos d\u00edas antes se hab\u00eda recorrido dicho paraje, inform\u00f3 la Fiscal\u00eda General del Estado de Oaxaca (FGEO).<\/p>\n\n\n\n<p>En un comunicado emitido anoche, detall\u00f3 tambi\u00e9n que contin\u00faa la b\u00fasqueda de Andrea Itzel Mart\u00ednez Castellanos, de 17 a\u00f1os de edad, desaparecida el pasado 17 de enero.<\/p>\n\n\n\n<p>Inform\u00f3 que del material humano recopilado el 27 de enero en el paraje \u201cLos Pereces\u201d del Barrio del Pe\u00f1asco, se realizan los ex\u00e1menes cient\u00edficos para identificar a la v\u00edctima.<\/p>\n\n\n\n<p>No obstante, \u201cde acuerdo a los primeros resultados de los an\u00e1lisis periciales efectuados, se tiene la certeza de que en dicho lugar \u00fanicamente se localizaron restos humanos, pero la v\u00edctima perdi\u00f3 la vida en un lugar distinto.<\/p>\n\n\n\n<p>\u201cAnte ello, el Instituto de Servicios Periciales realiza estudios antropol\u00f3gicos, odontol\u00f3gicos y cronotanatodiagn\u00f3stico a los restos humanos, adem\u00e1s de estudios gen\u00e9ticos con el objetivo de obtener el perfil de la v\u00edctima para cotejarlo con la base de datos de la FGEO.<\/p>\n\n\n\n<p>En su comunicado, detall\u00f3 que, durante los d\u00edas 24 y 25 de enero de 2023, en el lugar del hallazgo se realizaron labores de b\u00fasqueda para dar con el paradero de Andrea Itzel Mart\u00ednez, sin que se encontrara ning\u00fan tipo de evidencias.<\/p>\n\n\n\n<p>\u201cEstos trabajos estuvieron encabezados por elementos de la Agencia Estatal de Investigaciones (AEI) y contaron con la presencia de familiares de la v\u00edctima, adem\u00e1s del apoyo de la Polic\u00eda Municipal de Santiago Suchilquitongo, as\u00ed como de binomio canino de la Polic\u00eda Estatal\u201d, expuso.<\/p>\n\n\n\n<p>A\u00f1adi\u00f3 que la Fiscal\u00eda de Oaxaca mantiene activas las fichas de b\u00fasqueda y labores de localizaci\u00f3n para dar con el paradero Andrea Itzel Mart\u00ednez Castellanos, adem\u00e1s que contin\u00faa realizando las investigaciones correspondientes y las l\u00edneas de investigaci\u00f3n en torno al caso.<\/p>\n","protected":false},"excerpt":{"rendered":"<p>Ismael Garc\u00eda M.\/Zona Roja. Oaxaca de Ju\u00e1rez, Oax., a 29 de enero de 2023.- Los&hellip;<\/p>\n","protected":false},"author":2,"featured_media":51035,"comment_status":"closed","ping_status":"open","sticky":false,"template":"","format":"standard","meta":{"_lmt_disableupdate":"","_lmt_disable":"","_jetpack_memberships_contains_paid_content":false,"footnotes":""},"categories":[109,47],"tags":[494,1364],"class_list":["post-51034","post","type-post","status-publish","format-standard","has-post-thumbnail","hentry","category-minuto-a-minuto","category-zona-gris","tag-fiscalia-general-del-estado-de-oaxaca","tag-santiago-suchilquitongo"],"jetpack_featured_media_url":"https:\/\/zonaroja.com.mx\/wp-content\/uploads\/2023\/01\/Paraje-Santiago-Suchilquitongo-caso-Itzel.jpg","jetpack_sharing_enabled":true,"_links":{"self":[{"href":"https:\/\/zonaroja.com.mx\/index.php?rest_route=\/wp\/v2\/posts\/51034","targetHints":{"allow":["GET"]}}],"collection":[{"href":"https:\/\/zonaroja.com.mx\/index.php?rest_route=\/wp\/v2\/posts"}],"about":[{"href":"https:\/\/zonaroja.com.mx\/index.php?rest_route=\/wp\/v2\/types\/post"}],"author":[{"embeddable":true,"href":"https:\/\/zonaroja.com.mx\/index.php?rest_route=\/wp\/v2\/users\/2"}],"replies":[{"embeddable":true,"href":"https:\/\/zonaroja.com.mx\/index.php?rest_route=%2Fwp%2Fv2%2Fcomments&post=51034"}],"version-history":[{"count":1,"href":"https:\/\/zonaroja.com.mx\/index.php?rest_route=\/wp\/v2\/posts\/51034\/revisions"}],"predecessor-version":[{"id":51036,"href":"https:\/\/zonaroja.com.mx\/index.php?rest_route=\/wp\/v2\/posts\/51034\/revisions\/51036"}],"wp:featuredmedia":[{"embeddable":true,"href":"https:\/\/zonaroja.com.mx\/index.php?rest_route=\/wp\/v2\/media\/51035"}],"wp:attachment":[{"href":"https:\/\/zonaroja.com.mx\/index.php?rest_route=%2Fwp%2Fv2%2Fmedia&parent=51034"}],"wp:term":[{"taxonomy":"category","embeddable":true,"href":"https:\/\/zonaroja.com.mx\/index.php?rest_route=%2Fwp%2Fv2%2Fcategories&post=51034"},{"taxonomy":"post_tag","embeddable":true,"href":"https:\/\/zonaroja.com.mx\/index.php?rest_route=%2Fwp%2Fv2%2Ftags&post=51034"}],"curies":[{"name":"wp","href":"https:\/\/api.w.org\/{rel}","templated":true}]}}