{"id":51039,"date":"2023-01-29T09:41:00","date_gmt":"2023-01-29T15:41:00","guid":{"rendered":"http:\/\/www.zonaroja.com.mx\/?p=51039"},"modified":"2023-01-28T21:49:14","modified_gmt":"2023-01-29T03:49:14","slug":"crecen-inconformidades-en-el-magisterio-contra-el-director-del-ieepo","status":"publish","type":"post","link":"https:\/\/zonaroja.com.mx\/?p=51039","title":{"rendered":"Crecen inconformidades en el magisterio contra el director del IEEPO"},"content":{"rendered":"\n<p>Ismael Garc\u00eda M.\/Zona Roja.<\/p>\n\n\n\n<p>Oaxaca de Ju\u00e1rez, Oax., a 29 de enero de 2023.- Al interior del magisterio oaxaque\u00f1o crecen las inconformidades contra el director del IEEPO, Emilio Montero P\u00e9rez, ante m\u00faltiples irregularidades a dos meses de su gesti\u00f3n.<\/p>\n\n\n\n<p>\u201c\u00bfC\u00f3mo pretende el actual \u2018gobierno de la primavera\u2019 en oto\u00f1o-invierno elevar la calidad de la educaci\u00f3n p\u00fablica, imponiendo en su reci\u00e9n creada Secretar\u00eda de Educaci\u00f3n y en la Direcci\u00f3n del Instituto Estatal de Educaci\u00f3n P\u00fablica de Oaxaca (IEEPO) a un par de inepta e inepto, que juntos no hacen uno para entender la complejidad del rezago educativo que presenta un alto desfase significativo en nuestra entidad, por varias circunstancias: el valemadrismo de los gobernadores anteriores que usaron al IEEPO para justificar desv\u00edos de recursos millonarios a sus cuentas personales, aquel absurdo \u2018qu\u00e9date en casa, etc.?\u201d<\/p>\n\n\n\n<p>\u201cEs un insulto a la inteligencia de las trabajadoras y los trabajadores de la Secci\u00f3n 22, que como mero favoritismo del \u2018gobierno de la primavera\u2019 en oto\u00f1o-invierno se pretenda dejar al frente del IEEPO al inepto Emilio Montero P\u00e9rez, expresidente municipal de Juchit\u00e1n, desconocedor total de los aspectos elementales para la realizaci\u00f3n de una educaci\u00f3n p\u00fablica que cumpla con las necesidades educativas de las ni\u00f1as, los ni\u00f1os, adolescentes, adultas y adultos oaxaque\u00f1as y oaxaque\u00f1os\u201d.<\/p>\n\n\n\n<p>As\u00ed lo difundieron miembros del Colectivo de trabajadoras y trabajadores del MDTEO, Secci\u00f3n 22\u201d, durante la Asamblea Estatal que se realiz\u00f3 el pasado viernes en el llamado Hotel del Magisterio, d\u00eda en que se efectu\u00f3 tambi\u00e9n una marcha.<\/p>\n\n\n\n<p>Recordaron que Emilio Montero P\u00e9rez es un \u201cexporro\u201d de la Facultad de Derecho de la UABJO y durante sus cuatro a\u00f1os como presidente municipal de Juchit\u00e1n de Zaragoza, se caracteriz\u00f3 por m\u00faltiples omisiones y frivolidades.<\/p>\n\n\n\n<p>Destaca, como ejemplo que el 26 de enero del 2019, primeros d\u00edas del primer per\u00edodo de edil, llam\u00f3 a \u00abDios\u00bb para entregarle p\u00fablicamente una \u00abllave de la ciudad\u00bb que hab\u00eda mandado a hacer.<\/p>\n\n\n\n<p>Em febrero de 2021, los juchitecos acusaron abusos del presidente municipal, ordenar detener a quienes no portaban cubrebocas en las calles.<\/p>\n\n\n\n<p>Para reelegirse como edil y al no haber sido electo por Morena como candidato, se afili\u00f3 a las filas del Partido del Trabajo; el candidato del partido guinda hab\u00eda sido H\u00e9ctor Pineda, quien denunci\u00f3 fraude en la elecci\u00f3n.<\/p>\n\n\n\n<p>El 20 de noviembre ocurri\u00f3 el probable homicidio de un migrante senegal\u00e9s en la c\u00e1rcel municipal de Juchit\u00e1n, hecho que sigue impune, sin contar con la ola de cr\u00edmenes y hechos violentos que ha vivido ese municipio desde el mandato de Emilio Montero.<\/p>\n\n\n\n<p>Tras su nombramiento como director del IEEPO por parte del gobernador Salom\u00f3n Jara Cruz, Montero se ha dedicado a nombrar a sus amigos y \u201csecuaces\u201d en diversas \u00e1reas del Instituto.<\/p>\n\n\n\n<p>\u201cNuestra Asamblea Estatal, m\u00e1xima instancia del MDTEO de la Secci\u00f3n 22, debe determinar una consulta a todas y a todos los miembros de nuestras bases para rechazar la imposici\u00f3n de Emilio Montero P\u00e9rez en la direcci\u00f3n del IEEPO.<\/p>\n\n\n\n<p>\u201cExigiendo al gobierno estatal el nombramiento de un director del IEEPO con alto perfil profesional para la transformaci\u00f3n de la educaci\u00f3n de Oaxaca y con reconocimiento social a su trayectoria pol\u00edtica, honesta y transparente en la administraci\u00f3n p\u00fablica\u201d, precis\u00f3 el colectivo magisterial.<\/p>\n","protected":false},"excerpt":{"rendered":"<p>Ismael Garc\u00eda M.\/Zona Roja. Oaxaca de Ju\u00e1rez, Oax., a 29 de enero de 2023.- Al&hellip;<\/p>\n","protected":false},"author":2,"featured_media":51040,"comment_status":"closed","ping_status":"open","sticky":false,"template":"","format":"standard","meta":{"_lmt_disableupdate":"","_lmt_disable":"","_jetpack_memberships_contains_paid_content":false,"footnotes":""},"categories":[109,47],"tags":[1829],"class_list":["post-51039","post","type-post","status-publish","format-standard","has-post-thumbnail","hentry","category-minuto-a-minuto","category-zona-gris","tag-emilio-montero-perez"],"jetpack_featured_media_url":"https:\/\/zonaroja.com.mx\/wp-content\/uploads\/2023\/01\/Emilio-Montero-Perez-.jpeg","jetpack_sharing_enabled":true,"_links":{"self":[{"href":"https:\/\/zonaroja.com.mx\/index.php?rest_route=\/wp\/v2\/posts\/51039","targetHints":{"allow":["GET"]}}],"collection":[{"href":"https:\/\/zonaroja.com.mx\/index.php?rest_route=\/wp\/v2\/posts"}],"about":[{"href":"https:\/\/zonaroja.com.mx\/index.php?rest_route=\/wp\/v2\/types\/post"}],"author":[{"embeddable":true,"href":"https:\/\/zonaroja.com.mx\/index.php?rest_route=\/wp\/v2\/users\/2"}],"replies":[{"embeddable":true,"href":"https:\/\/zonaroja.com.mx\/index.php?rest_route=%2Fwp%2Fv2%2Fcomments&post=51039"}],"version-history":[{"count":1,"href":"https:\/\/zonaroja.com.mx\/index.php?rest_route=\/wp\/v2\/posts\/51039\/revisions"}],"predecessor-version":[{"id":51041,"href":"https:\/\/zonaroja.com.mx\/index.php?rest_route=\/wp\/v2\/posts\/51039\/revisions\/51041"}],"wp:featuredmedia":[{"embeddable":true,"href":"https:\/\/zonaroja.com.mx\/index.php?rest_route=\/wp\/v2\/media\/51040"}],"wp:attachment":[{"href":"https:\/\/zonaroja.com.mx\/index.php?rest_route=%2Fwp%2Fv2%2Fmedia&parent=51039"}],"wp:term":[{"taxonomy":"category","embeddable":true,"href":"https:\/\/zonaroja.com.mx\/index.php?rest_route=%2Fwp%2Fv2%2Fcategories&post=51039"},{"taxonomy":"post_tag","embeddable":true,"href":"https:\/\/zonaroja.com.mx\/index.php?rest_route=%2Fwp%2Fv2%2Ftags&post=51039"}],"curies":[{"name":"wp","href":"https:\/\/api.w.org\/{rel}","templated":true}]}}