{"id":51053,"date":"2023-01-29T11:39:00","date_gmt":"2023-01-29T17:39:00","guid":{"rendered":"http:\/\/www.zonaroja.com.mx\/?p=51053"},"modified":"2023-01-29T07:49:41","modified_gmt":"2023-01-29T13:49:41","slug":"y-la-austeridad-los-morenistas-que-han-sido-sorprendidos-usando-marcas-de-lujo","status":"publish","type":"post","link":"https:\/\/zonaroja.com.mx\/?p=51053","title":{"rendered":"\u00bfY la austeridad? los morenistas que han sido sorprendidos usando marcas de lujo"},"content":{"rendered":"\n<p>Redacci\u00f3n\/Zona Roja Cdmx.<\/p>\n\n\n\n<p>Ciudad de M\u00e9xico, a 29 de enero de 2023.- Recientemente se dio a conocer que una senadora del partido Movimiento Regeneraci\u00f3n Nacional (Morena) enfrenta una demanda por adeudar un total 200 mil pesos de renta en en inmueble que habita, sin embargo la propietaria destac\u00f3 que la mandataria Claudia Bandera utiliza su dinero para adquirir productor de marca en lugar de ponerse al corriente con su renta.<\/p>\n\n\n\n<p>Asimismo, comparti\u00f3 evidencia en la que se le ve a la senadora Bandera portando accesorios o ropa de marcas de lujo como Balenciaga y Gucci. Por ejemplo, un su\u00e9ter rosa que se le vio utilizar, al momento de buscar su preci\u00f3 la p\u00e1gina de la marca Balenciaga arroj\u00f3 que costaba un total de 31 mil 850 pesos, mientras que uno de los relojes que port\u00f3 de la marca Gucci tiene un costo de 36 mil 910 pesos y otro de los su\u00e9teres parecidos de la marca Gucci de los que se le vio traer puesto tiene un costo de 36 mil 500 pesos.<\/p>\n\n\n\n<p>Nora Ochoa tambi\u00e9n comparti\u00f3 capturas de pantalla referentes a que la senadora la bloque\u00f3 de Twitter, y no le contest\u00f3 mensajes de Whatsapp en los que pide que le entregue su casa. Ochoa confirm\u00f3 que el inmueble se encuentra en la colonia Del Valle, en la Ciudad de M\u00e9xico.<\/p>\n\n\n\n<p>Sin embargo, no es el primer miembro de la bancada de Morena que demuestra tener gustos finos, puesto que el pasado 13 de enero de 2023, la alcaldesa de Tepic comparti\u00f3 una foto que desat\u00f3 fuertes cr\u00edticas en redes sociales debido a un accesorio de lujo que portaba en ese momento.<\/p>\n\n\n\n<p>En ese entonces Geraldine Ponce, presidenta municipal de Tepic, se reuni\u00f3 con Claudia Sheinbaum, jefa de Gobierno de la Ciudad de M\u00e9xico, pero lo que llam\u00f3 la atenci\u00f3n de los internautas fue el tipo de reloj que portaba en su mu\u00f1eca, ya que pertenec\u00eda a una marca reconocida por sus costos elevados.<\/p>\n\n\n\n<p>El reloj de Ponce era de Cartier, una f\u00e1brica francesa de relojes y joyer\u00eda. Sus caracter\u00edsticas coinciden con el modelo Pasha, que en la p\u00e1gina oficial de la marca est\u00e1 en venta por 145 mil pesos mexicanos. Motivo por el cual los usuarios de la red social Twitter se\u00f1alaron que en ocasiones anteriores habr\u00eda utilizado relojes Rolex, uno de ellos con un valor de 200 mil pesos.<\/p>\n\n\n\n<p>A la lista se le sum\u00f3 el secretario de Relaciones Exteriores, Marcelo Ebrard, quien durante 2020 fue captado intentando ocultar un reloj Rolex que se asomaba de la manga de su camisa en un video realizado junto al presidente Andr\u00e9s Manuel L\u00f3pez Obrador (AMLO).<\/p>\n\n\n\n<p>Fue el 15 de junio del 2020, cuando el titular de la Secretar\u00eda de Relaciones Exteriores (SRE) apareci\u00f3 en un video que fue difundido en redes sociales con el presidente AMLO, luego de haber tenido una llamada con el primer ministro de Canad\u00e1, Justin Trudeau.<\/p>\n\n\n\n<p>El Rolex con el que se ve a Ebrard, es modelo Sumariner Date, y de acuerdo a la p\u00e1gina de la marca suiza de relojes, fue el primer reloj de pulsera que pod\u00eda sumergirse hasta 100 metros bajo el agua. Trascendi\u00f3 que el valor de ese reloj era de USD 14 mil 450, que seg\u00fan el tipo de cambio de ese momento, se traduc\u00eda a 320 mil 580 pesos.<\/p>\n\n\n\n<p>Seg\u00fan el Diario Reforma, en 2019 el entonces director de Comunicaci\u00f3n Social de la Secretar\u00eda de Relaciones Exteriores, Roberto Velasco, dijo que el reloj fue regalo de bodas de Rosalinda Bueso, esposa de Ebrard. El hecho provoc\u00f3 que el secretario de Relaciones Exteriores se convirtiera en tema de conversaci\u00f3n en las redes sociales, pues los internautas lo criticaron por utilizar ese tipo de art\u00edculos.<\/p>\n\n\n\n<p>(Informaci\u00f3n de Infobae M\u00e9xico)<\/p>\n","protected":false},"excerpt":{"rendered":"<p>Redacci\u00f3n\/Zona Roja Cdmx. Ciudad de M\u00e9xico, a 29 de enero de 2023.- Recientemente se dio&hellip;<\/p>\n","protected":false},"author":2,"featured_media":51054,"comment_status":"closed","ping_status":"open","sticky":false,"template":"","format":"standard","meta":{"_lmt_disableupdate":"","_lmt_disable":"","_jetpack_memberships_contains_paid_content":false,"footnotes":""},"categories":[109,47],"tags":[889],"class_list":["post-51053","post","type-post","status-publish","format-standard","has-post-thumbnail","hentry","category-minuto-a-minuto","category-zona-gris","tag-marcelo-ebrard"],"jetpack_featured_media_url":"https:\/\/zonaroja.com.mx\/wp-content\/uploads\/2023\/01\/Morenistas-dispendio-Ebrard-copia.jpg","jetpack_sharing_enabled":true,"_links":{"self":[{"href":"https:\/\/zonaroja.com.mx\/index.php?rest_route=\/wp\/v2\/posts\/51053","targetHints":{"allow":["GET"]}}],"collection":[{"href":"https:\/\/zonaroja.com.mx\/index.php?rest_route=\/wp\/v2\/posts"}],"about":[{"href":"https:\/\/zonaroja.com.mx\/index.php?rest_route=\/wp\/v2\/types\/post"}],"author":[{"embeddable":true,"href":"https:\/\/zonaroja.com.mx\/index.php?rest_route=\/wp\/v2\/users\/2"}],"replies":[{"embeddable":true,"href":"https:\/\/zonaroja.com.mx\/index.php?rest_route=%2Fwp%2Fv2%2Fcomments&post=51053"}],"version-history":[{"count":1,"href":"https:\/\/zonaroja.com.mx\/index.php?rest_route=\/wp\/v2\/posts\/51053\/revisions"}],"predecessor-version":[{"id":51055,"href":"https:\/\/zonaroja.com.mx\/index.php?rest_route=\/wp\/v2\/posts\/51053\/revisions\/51055"}],"wp:featuredmedia":[{"embeddable":true,"href":"https:\/\/zonaroja.com.mx\/index.php?rest_route=\/wp\/v2\/media\/51054"}],"wp:attachment":[{"href":"https:\/\/zonaroja.com.mx\/index.php?rest_route=%2Fwp%2Fv2%2Fmedia&parent=51053"}],"wp:term":[{"taxonomy":"category","embeddable":true,"href":"https:\/\/zonaroja.com.mx\/index.php?rest_route=%2Fwp%2Fv2%2Fcategories&post=51053"},{"taxonomy":"post_tag","embeddable":true,"href":"https:\/\/zonaroja.com.mx\/index.php?rest_route=%2Fwp%2Fv2%2Ftags&post=51053"}],"curies":[{"name":"wp","href":"https:\/\/api.w.org\/{rel}","templated":true}]}}