{"id":51056,"date":"2023-01-29T17:29:41","date_gmt":"2023-01-29T23:29:41","guid":{"rendered":"http:\/\/www.zonaroja.com.mx\/?p=51056"},"modified":"2023-01-29T17:29:45","modified_gmt":"2023-01-29T23:29:45","slug":"caso-garcia-luna-fiscalia-tiene-dos-ordenes-de-aprehension-contra-el","status":"publish","type":"post","link":"https:\/\/zonaroja.com.mx\/?p=51056","title":{"rendered":"Caso Garc\u00eda Luna: Fiscal\u00eda tiene dos \u00f3rdenes de aprehensi\u00f3n contra \u00e9l"},"content":{"rendered":"\n<p>Redacci\u00f3n\/Zona Roja Cdmx.<\/p>\n\n\n\n<p>Ciudad de M\u00e9xico, a 29 de enero de 2023.- La Fiscal\u00eda General de la Rep\u00fablica (FGR) inform\u00f3 que cuenta con dos \u00f3rdenes de aprehensi\u00f3n en contra de Genaro Garc\u00eda Luna, ex secretario de Seguridad P\u00fablica Federal en la administraci\u00f3n de Felipe Calder\u00f3n.<\/p>\n\n\n\n<p>Dichas \u00f3rdenes de captura, dijo la dependencia federal, fueron emitidas por jueces federales, por delitos cometidos en M\u00e9xico que no tienen vinculaci\u00f3n con el proceso penal que se le sigue en los Estados Unidos.<\/p>\n\n\n\n<p>Consider\u00f3 que dicho juicio \u201cno incide, en modo alguno\u201d, con los procedimientos que se han iniciado en su contra en M\u00e9xico.<\/p>\n\n\n\n<p>En un comunicado, la FGR asegur\u00f3 que el primer mandamiento de captura es el relativo a la participaci\u00f3n de Garc\u00eda Luna en el caso de la introducci\u00f3n ilegal de armamento denominado \u201cR\u00e1pido y Furioso\u201d.<\/p>\n\n\n\n<p>\u201cEn este asunto, las armas que las autoridades mexicanas, en su momento, permitieron entrar ilegalmente, han causado un gran n\u00famero de muertos y da\u00f1os irreparables a la justicia\u201d, precis\u00f3 la FGR.<\/p>\n\n\n\n<p>Agreg\u00f3 que la segunda orden de aprehensi\u00f3n el exencargado de la \u201cguerra contra el narcotr\u00e1fico\u201d que emprendi\u00f3 la administraci\u00f3n calderonista, corresponde al caso de los Centros Federales de Prevenci\u00f3n y Readaptaci\u00f3n Social (Ceferesos).<\/p>\n\n\n\n<p>Dijo que en este caso \u201cla participaci\u00f3n de Genaro (Garc\u00eda Luna) fue fundamental para generar un da\u00f1o patrimonial inmenso y una serie de responsabilidades penales al respecto\u201d, puntualiz\u00f3.<\/p>\n\n\n\n<p>Finalmente, precis\u00f3 que tambi\u00e9n existen otras dos investigaciones en M\u00e9xico que se encuentran en curso, y una solicitud de aprehensi\u00f3n m\u00e1s que ya ha sido informada en su momento.<\/p>\n\n\n\n<p>\u201cTodos estos procedimientos son de la competencia de las autoridades federales mexicanas, por ser delitos cometidos en nuestro pa\u00eds\u201d, indic\u00f3 la dependencia que encabeza Alejandro Gertz Manero.<\/p>\n\n\n\n<p>Se\u00f1al\u00f3 que las gestiones ante la Secretar\u00eda de Relaciones Exteriores y ante las autoridades americanas para obtener la extradici\u00f3n de Genaro Garc\u00eda Luna, se siguen llevando a cabo dentro del marco de las limitaciones legales correspondientes.<\/p>\n\n\n\n<p>(Informaci\u00f3n de \u201cEl Financiero\u201d)<\/p>\n","protected":false},"excerpt":{"rendered":"<p>Redacci\u00f3n\/Zona Roja Cdmx. Ciudad de M\u00e9xico, a 29 de enero de 2023.- La Fiscal\u00eda General&hellip;<\/p>\n","protected":false},"author":2,"featured_media":51057,"comment_status":"closed","ping_status":"open","sticky":false,"template":"","format":"standard","meta":{"_lmt_disableupdate":"","_lmt_disable":"","_jetpack_memberships_contains_paid_content":false,"footnotes":""},"categories":[109,47],"tags":[3412],"class_list":["post-51056","post","type-post","status-publish","format-standard","has-post-thumbnail","hentry","category-minuto-a-minuto","category-zona-gris","tag-juicio-a-genaro-garcia-luna"],"jetpack_featured_media_url":"https:\/\/zonaroja.com.mx\/wp-content\/uploads\/2023\/01\/Genaro-Garcia-Luna.jpeg","jetpack_sharing_enabled":true,"_links":{"self":[{"href":"https:\/\/zonaroja.com.mx\/index.php?rest_route=\/wp\/v2\/posts\/51056","targetHints":{"allow":["GET"]}}],"collection":[{"href":"https:\/\/zonaroja.com.mx\/index.php?rest_route=\/wp\/v2\/posts"}],"about":[{"href":"https:\/\/zonaroja.com.mx\/index.php?rest_route=\/wp\/v2\/types\/post"}],"author":[{"embeddable":true,"href":"https:\/\/zonaroja.com.mx\/index.php?rest_route=\/wp\/v2\/users\/2"}],"replies":[{"embeddable":true,"href":"https:\/\/zonaroja.com.mx\/index.php?rest_route=%2Fwp%2Fv2%2Fcomments&post=51056"}],"version-history":[{"count":1,"href":"https:\/\/zonaroja.com.mx\/index.php?rest_route=\/wp\/v2\/posts\/51056\/revisions"}],"predecessor-version":[{"id":51058,"href":"https:\/\/zonaroja.com.mx\/index.php?rest_route=\/wp\/v2\/posts\/51056\/revisions\/51058"}],"wp:featuredmedia":[{"embeddable":true,"href":"https:\/\/zonaroja.com.mx\/index.php?rest_route=\/wp\/v2\/media\/51057"}],"wp:attachment":[{"href":"https:\/\/zonaroja.com.mx\/index.php?rest_route=%2Fwp%2Fv2%2Fmedia&parent=51056"}],"wp:term":[{"taxonomy":"category","embeddable":true,"href":"https:\/\/zonaroja.com.mx\/index.php?rest_route=%2Fwp%2Fv2%2Fcategories&post=51056"},{"taxonomy":"post_tag","embeddable":true,"href":"https:\/\/zonaroja.com.mx\/index.php?rest_route=%2Fwp%2Fv2%2Ftags&post=51056"}],"curies":[{"name":"wp","href":"https:\/\/api.w.org\/{rel}","templated":true}]}}