{"id":51059,"date":"2023-01-29T17:53:09","date_gmt":"2023-01-29T23:53:09","guid":{"rendered":"http:\/\/www.zonaroja.com.mx\/?p=51059"},"modified":"2023-01-29T17:53:12","modified_gmt":"2023-01-29T23:53:12","slug":"aun-sin-identificar-hombre-decapitado-y-calcinado-en-la-costa-de-oaxaca","status":"publish","type":"post","link":"https:\/\/zonaroja.com.mx\/?p=51059","title":{"rendered":"A\u00fan sin identificar, hombre decapitado y calcinado en la Costa de Oaxaca"},"content":{"rendered":"\n<p>Redacci\u00f3n\/Zona Roja. Foto: Ilustraci\u00f3n<\/p>\n\n\n\n<p>Oaxaca de Ju\u00e1rez, Oax., a 29 de enero de 2023.- A m\u00e1s de 72 horas del hecho criminal, a\u00fan no ha sido identificada la persona que fue ejecutada, decapitada y calcinada en la regi\u00f3n de la Costa de Oaxaca.<\/p>\n\n\n\n<p>Debido a que hasta ahora s\u00f3lo se le distingue un tatuaje en el brazo derecho con la leyenda \u201cLove\u201d, la Fiscal\u00eda General del Estado traslad\u00f3 los restos al Instituto de Servicios Periciales, a fin de practicar las pruebas de laboratorio correspondientes.<\/p>\n\n\n\n<p>Fue cerca de la media noche del pasado jueves 26 de enero en que localizaron el cuerpo de una persona junto con su camioneta, en el paraje \u201cEl Barreal\u201d de la localidad de Bajos de Chila, en el municipio de Villa de Tututepec.<\/p>\n\n\n\n<p>La unidad se incendiaba por lo cual fue emitido el llamado de auxilio a los polic\u00edas y brigadas de protecci\u00f3n civil; tras sofocar el fuego, hallaron el cuerpo de un hombre calcinado y decapitado.<\/p>\n\n\n\n<p>Lo \u00fanico que se pudo distinguir es que vest\u00eda un pantal\u00f3n corto color vino y una playera color gris.<\/p>\n\n\n\n<p>Cabe mencionar que la misma noche pero jurisdicci\u00f3n de San Lorenzo Cacaotepec, en la regi\u00f3n Valles Centrales de Oaxaca, se hall\u00f3 otro cuerpo calcinado.<\/p>\n\n\n\n<p>Fue en el paraje \u201cEl Tule\u201d en que localizaron el cuerpo pero tambi\u00e9n hasta el momento no ha sido identificada la v\u00edctima; aunque se especul\u00f3 que podr\u00eda ser el chofer de una camioneta de carga robada el mismo d\u00eda y hallada en la misma zona, a\u00fan no se ha confirmado la identidad.<\/p>\n","protected":false},"excerpt":{"rendered":"<p>Redacci\u00f3n\/Zona Roja. Foto: Ilustraci\u00f3n Oaxaca de Ju\u00e1rez, Oax., a 29 de enero de 2023.- A&hellip;<\/p>\n","protected":false},"author":2,"featured_media":51060,"comment_status":"closed","ping_status":"open","sticky":false,"template":"","format":"standard","meta":{"_lmt_disableupdate":"","_lmt_disable":"","_jetpack_memberships_contains_paid_content":false,"footnotes":""},"categories":[109,51],"tags":[1203],"class_list":["post-51059","post","type-post","status-publish","format-standard","has-post-thumbnail","hentry","category-minuto-a-minuto","category-zona-roja","tag-villa-de-tututepec"],"jetpack_featured_media_url":"https:\/\/zonaroja.com.mx\/wp-content\/uploads\/2023\/01\/Cuerpo-calcinado.jpeg","jetpack_sharing_enabled":true,"_links":{"self":[{"href":"https:\/\/zonaroja.com.mx\/index.php?rest_route=\/wp\/v2\/posts\/51059","targetHints":{"allow":["GET"]}}],"collection":[{"href":"https:\/\/zonaroja.com.mx\/index.php?rest_route=\/wp\/v2\/posts"}],"about":[{"href":"https:\/\/zonaroja.com.mx\/index.php?rest_route=\/wp\/v2\/types\/post"}],"author":[{"embeddable":true,"href":"https:\/\/zonaroja.com.mx\/index.php?rest_route=\/wp\/v2\/users\/2"}],"replies":[{"embeddable":true,"href":"https:\/\/zonaroja.com.mx\/index.php?rest_route=%2Fwp%2Fv2%2Fcomments&post=51059"}],"version-history":[{"count":1,"href":"https:\/\/zonaroja.com.mx\/index.php?rest_route=\/wp\/v2\/posts\/51059\/revisions"}],"predecessor-version":[{"id":51062,"href":"https:\/\/zonaroja.com.mx\/index.php?rest_route=\/wp\/v2\/posts\/51059\/revisions\/51062"}],"wp:featuredmedia":[{"embeddable":true,"href":"https:\/\/zonaroja.com.mx\/index.php?rest_route=\/wp\/v2\/media\/51060"}],"wp:attachment":[{"href":"https:\/\/zonaroja.com.mx\/index.php?rest_route=%2Fwp%2Fv2%2Fmedia&parent=51059"}],"wp:term":[{"taxonomy":"category","embeddable":true,"href":"https:\/\/zonaroja.com.mx\/index.php?rest_route=%2Fwp%2Fv2%2Fcategories&post=51059"},{"taxonomy":"post_tag","embeddable":true,"href":"https:\/\/zonaroja.com.mx\/index.php?rest_route=%2Fwp%2Fv2%2Ftags&post=51059"}],"curies":[{"name":"wp","href":"https:\/\/api.w.org\/{rel}","templated":true}]}}