{"id":51067,"date":"2023-01-30T07:26:27","date_gmt":"2023-01-30T13:26:27","guid":{"rendered":"http:\/\/www.zonaroja.com.mx\/?p=51067"},"modified":"2023-01-30T07:26:30","modified_gmt":"2023-01-30T13:26:30","slug":"fin-de-semana-sangriento-en-guerrero-5-asesinados-y-32-retenidos","status":"publish","type":"post","link":"https:\/\/zonaroja.com.mx\/?p=51067","title":{"rendered":"Fin de semana sangriento en Guerrero: 5 asesinados y 32 retenidos"},"content":{"rendered":"\n<p>Redacci\u00f3n\/Zona Roja Cdmx.<\/p>\n\n\n\n<p>Ciudad de M\u00e9xico, a 30 de enero de 2023.- La Fiscal\u00eda General del Estado de Guerrero (FGEG) confirm\u00f3 que dos elementos de la Secretar\u00eda de Seguridad P\u00fablica de Guerrero y tres civiles, fueron abatidos en el enfrentamiento entre polic\u00edas y hombres armados ocurrido en la comunidad El Parotal, municipio de Petatl\u00e1n, en donde adem\u00e1s 32 uniformados fueron retenidos con lujo de violencia.<\/p>\n\n\n\n<p>Aunque no se especifica si la refriega se dio entre polic\u00edas y alg\u00fan grupo criminal o si el choque fue con habitantes de la poblaci\u00f3n que se ubica en la parte alta de la sierra de la Regi\u00f3n de la Costa Grande, la FGE s\u00ed localiz\u00f3 a las v\u00edctimas sin vida en el interior de una patrulla de la polic\u00eda estatal, la cual era custodiada por una multitud agresiva, que adem\u00e1s, manten\u00edan retenidos a aproximadamente 32 uniformados.<\/p>\n\n\n\n<p>El s\u00e1bado por la tarde, un convoy del personal de la Polic\u00eda del Estado realiz\u00f3 un operativo en El Parotal, donde presuntamente hicieron cateos en varias viviendas y en el proceso detuvieron a tres civiles que confesaron pertenecer a una c\u00e9lula criminal, a quienes se cree llevaban en custodia.<\/p>\n\n\n\n<p>Pero al iniciar la retirada, hubo un enfrentamiento a tiros y se investiga si se dio con alg\u00fan grupo criminal, pues hay otra versi\u00f3n de que los pobladores se armaron y los enfrentaron para exigirles que les hicieran entrega de los tres civiles que llevaban en custodia, pero al negarse se dio la balacera, en la que perdi\u00f3 la vida un comandante, un polic\u00eda y los tres civiles.<\/p>\n\n\n\n<p>Una vez que se supo del enfrentamiento y de que detuvieron a 32 efectivos de la Polic\u00eda Estatal, se mont\u00f3 un operativo de rescate con los grupos de la Fiscal\u00eda de la Coordinaci\u00f3n de la zona de Tecpan de Galeana, Atoyac de \u00c1lvarez y Zihuatanejo, apoyados por personal del Ej\u00e9rcito Mexicano y Guardia Nacional, ingresaron por Santa Rosita, municipio de Tecpan, en donde los vecinos manten\u00edan un bloqueo de los accesos con veh\u00edculos.<\/p>\n\n\n\n<p>Ah\u00ed las autoridades iniciaron el di\u00e1logo y escucharon las denuncias sobre supuestos actos de abuso de autoridad por parte de los polic\u00edas estatales, al acusarlos de ingresar a las viviendas sin orden de cateo y violentando sus garant\u00edas y derechos humanos, al golpear a las personas sin importarles que est\u00e9n ni\u00f1os presentes, pero finalmente les permitieron el paso a El Parotal.<\/p>\n\n\n\n<p>A las 21:00 horas de este s\u00e1bado finalmente llegaron al poblado en conflicto, hallando alrededor de cien personas armadas y en actitud desafiante, que manten\u00edan retenidos a 32 polic\u00edas estatales en cinco patrullas, en una de las cuales yac\u00edan los cuerpos sin vida de dos polic\u00edas y tres civiles, resultado de un enfrentamiento a tiros.<\/p>\n\n\n\n<p>En medio de un clima de tensi\u00f3n, se iniciaron las investigaciones para verificar que fue lo que realmente sucedi\u00f3 y rescatar a todos los uniformados retenidos, a fin de llegar a la verdad, toda vez que hay varias versiones sobre el origen del intercambio de disparos que arroj\u00f3 un saldo fat\u00eddico de cinco muertos en esta comunidad serrana.<\/p>\n\n\n\n<p>Cabe destacar que este municipio de Petatl\u00e1n, es asediado por grupos criminales que se disputan el territorio, que ha dado origen al recrudecimiento de la violencia, lo que ha obligado a reforzar los operativos de seguridad en la regi\u00f3n, en contra de la oposici\u00f3n de los vecinos de las comunidades que recorren, porque es recurrente que se quejen de abusos de autoridad, pero tambi\u00e9n se cree que son obligados por los grupos criminales que operan en la regi\u00f3n.<\/p>\n\n\n\n<p>(Informaci\u00f3n de \u201cEl Sol de Acapulco\u201d)<\/p>\n","protected":false},"excerpt":{"rendered":"<p>Redacci\u00f3n\/Zona Roja Cdmx. Ciudad de M\u00e9xico, a 30 de enero de 2023.- La Fiscal\u00eda General&hellip;<\/p>\n","protected":false},"author":2,"featured_media":51068,"comment_status":"closed","ping_status":"open","sticky":false,"template":"","format":"standard","meta":{"_lmt_disableupdate":"","_lmt_disable":"","_jetpack_memberships_contains_paid_content":false,"footnotes":""},"categories":[109,51],"tags":[80],"class_list":["post-51067","post","type-post","status-publish","format-standard","has-post-thumbnail","hentry","category-minuto-a-minuto","category-zona-roja","tag-guerrero"],"jetpack_featured_media_url":"https:\/\/zonaroja.com.mx\/wp-content\/uploads\/2023\/01\/Policias-retencion-enfrentamientos-Guerrero.jpeg","jetpack_sharing_enabled":true,"_links":{"self":[{"href":"https:\/\/zonaroja.com.mx\/index.php?rest_route=\/wp\/v2\/posts\/51067","targetHints":{"allow":["GET"]}}],"collection":[{"href":"https:\/\/zonaroja.com.mx\/index.php?rest_route=\/wp\/v2\/posts"}],"about":[{"href":"https:\/\/zonaroja.com.mx\/index.php?rest_route=\/wp\/v2\/types\/post"}],"author":[{"embeddable":true,"href":"https:\/\/zonaroja.com.mx\/index.php?rest_route=\/wp\/v2\/users\/2"}],"replies":[{"embeddable":true,"href":"https:\/\/zonaroja.com.mx\/index.php?rest_route=%2Fwp%2Fv2%2Fcomments&post=51067"}],"version-history":[{"count":1,"href":"https:\/\/zonaroja.com.mx\/index.php?rest_route=\/wp\/v2\/posts\/51067\/revisions"}],"predecessor-version":[{"id":51069,"href":"https:\/\/zonaroja.com.mx\/index.php?rest_route=\/wp\/v2\/posts\/51067\/revisions\/51069"}],"wp:featuredmedia":[{"embeddable":true,"href":"https:\/\/zonaroja.com.mx\/index.php?rest_route=\/wp\/v2\/media\/51068"}],"wp:attachment":[{"href":"https:\/\/zonaroja.com.mx\/index.php?rest_route=%2Fwp%2Fv2%2Fmedia&parent=51067"}],"wp:term":[{"taxonomy":"category","embeddable":true,"href":"https:\/\/zonaroja.com.mx\/index.php?rest_route=%2Fwp%2Fv2%2Fcategories&post=51067"},{"taxonomy":"post_tag","embeddable":true,"href":"https:\/\/zonaroja.com.mx\/index.php?rest_route=%2Fwp%2Fv2%2Ftags&post=51067"}],"curies":[{"name":"wp","href":"https:\/\/api.w.org\/{rel}","templated":true}]}}